{"id":5404,"date":"2025-12-22T16:09:42","date_gmt":"2025-12-22T16:09:42","guid":{"rendered":"https:\/\/www.unfoeprae.org\/?p=5404"},"modified":"2025-12-22T16:55:48","modified_gmt":"2025-12-22T16:55:48","slug":"second-edition-of-the-un-foe-prae-exhibition-opens-at-santandrea-della-valle","status":"publish","type":"post","link":"https:\/\/www.unfoeprae.org\/de\/second-edition-of-the-un-foe-prae-exhibition-opens-at-santandrea-della-valle\/","title":{"rendered":"Zweite Ausgabe der Ausstellung \u201eUn.Foe.Prae\u201c &#8211; Sant\u2019Andrea della Valle, Rom (06.12.25 bis 02.02.26)"},"content":{"rendered":"\n<p>Die zweite Ausgabe der Ausstellung <strong>\u201eUn.Foe.Prae\u201c<\/strong>, die in Zusammenarbeit mit der <em>Ghaqda Hbieb tal-Presepju Ghawdex Malta 1985<\/em> sowie der <em>Associazione Italiana Amici del Presepio<\/em> realisiert wurde, wurde am 6. Dezember 2025 feierlich er\u00f6ffnet. Austragungsort ist die Basilika Sant\u2019Andrea della Valle in Rom, wo die Ausstellung bis zum 2. Februar 2026 besucht werden kann. Beim Er\u00f6ffnungskonzert und der anschlie\u00dfenden Messe nahmen Pr\u00e4sident Albert Catala und Sekret\u00e4rin Carmen Camilleri gemeinsam mit Herrn Klaus Gspan aus \u00d6sterreich sowie den maltesischen Mitarbeitern teil. Eine besondere Ehre war die Anwesenheit der maltesischen Ministerin f\u00fcr Inklusion und Freiwilligenorganisationen, Julia Farrugia.<\/p>\n\n\n\n<p>Insgesamt umfasst die Ausstellung 52 Krippen aus 20 verschiedenen L\u00e4ndern.<\/p>\n\n\n\n<details class=\"wp-block-details is-layout-flow wp-block-details-is-layout-flow\"><summary>Fotogallery<\/summary>\n<figure class=\"wp-block-gallery has-nested-images columns-default is-cropped wp-block-gallery-1 is-layout-flex wp-block-gallery-is-layout-flex\">\n<figure class=\"wp-block-image size-large\"><a href=\"https:\/\/www.unfoeprae.org\/wp-content\/uploads\/2025\/12\/IMG-20251222-WA0002-1.jpg\"><img loading=\"lazy\" decoding=\"async\" width=\"1024\" height=\"683\" data-id=\"5632\" src=\"https:\/\/www.unfoeprae.org\/wp-content\/uploads\/2025\/12\/IMG-20251222-WA0002-1-1024x683.jpg\" alt=\"\" class=\"wp-image-5632\" srcset=\"https:\/\/www.unfoeprae.org\/wp-content\/uploads\/2025\/12\/IMG-20251222-WA0002-1-1024x683.jpg 1024w, https:\/\/www.unfoeprae.org\/wp-content\/uploads\/2025\/12\/IMG-20251222-WA0002-1-300x200.jpg 300w, https:\/\/www.unfoeprae.org\/wp-content\/uploads\/2025\/12\/IMG-20251222-WA0002-1-768x512.jpg 768w, https:\/\/www.unfoeprae.org\/wp-content\/uploads\/2025\/12\/IMG-20251222-WA0002-1-1536x1025.jpg 1536w, https:\/\/www.unfoeprae.org\/wp-content\/uploads\/2025\/12\/IMG-20251222-WA0002-1.jpg 1775w\" sizes=\"auto, (max-width: 1024px) 100vw, 1024px\" \/><\/a><\/figure>\n\n\n\n<figure class=\"wp-block-image size-large\"><a href=\"https:\/\/www.unfoeprae.org\/wp-content\/uploads\/2025\/12\/IMG-20251222-WA0040.jpg\"><img loading=\"lazy\" decoding=\"async\" width=\"1024\" height=\"682\" data-id=\"5613\" src=\"https:\/\/www.unfoeprae.org\/wp-content\/uploads\/2025\/12\/IMG-20251222-WA0040-1024x682.jpg\" alt=\"\" class=\"wp-image-5613\" srcset=\"https:\/\/www.unfoeprae.org\/wp-content\/uploads\/2025\/12\/IMG-20251222-WA0040-1024x682.jpg 1024w, https:\/\/www.unfoeprae.org\/wp-content\/uploads\/2025\/12\/IMG-20251222-WA0040-300x200.jpg 300w, https:\/\/www.unfoeprae.org\/wp-content\/uploads\/2025\/12\/IMG-20251222-WA0040-768x512.jpg 768w, https:\/\/www.unfoeprae.org\/wp-content\/uploads\/2025\/12\/IMG-20251222-WA0040-1536x1023.jpg 1536w, https:\/\/www.unfoeprae.org\/wp-content\/uploads\/2025\/12\/IMG-20251222-WA0040.jpg 1600w\" sizes=\"auto, (max-width: 1024px) 100vw, 1024px\" \/><\/a><\/figure>\n\n\n\n<figure class=\"wp-block-image size-large\"><a href=\"https:\/\/www.unfoeprae.org\/wp-content\/uploads\/2025\/12\/IMG-20251222-WA0035.jpg\"><img loading=\"lazy\" decoding=\"async\" width=\"1024\" height=\"683\" data-id=\"5580\" src=\"https:\/\/www.unfoeprae.org\/wp-content\/uploads\/2025\/12\/IMG-20251222-WA0035-1024x683.jpg\" alt=\"\" class=\"wp-image-5580\" srcset=\"https:\/\/www.unfoeprae.org\/wp-content\/uploads\/2025\/12\/IMG-20251222-WA0035-1024x683.jpg 1024w, https:\/\/www.unfoeprae.org\/wp-content\/uploads\/2025\/12\/IMG-20251222-WA0035-300x200.jpg 300w, https:\/\/www.unfoeprae.org\/wp-content\/uploads\/2025\/12\/IMG-20251222-WA0035-768x512.jpg 768w, https:\/\/www.unfoeprae.org\/wp-content\/uploads\/2025\/12\/IMG-20251222-WA0035-1536x1024.jpg 1536w, https:\/\/www.unfoeprae.org\/wp-content\/uploads\/2025\/12\/IMG-20251222-WA0035.jpg 2035w\" sizes=\"auto, (max-width: 1024px) 100vw, 1024px\" \/><\/a><\/figure>\n\n\n\n<figure class=\"wp-block-image size-large\"><a href=\"https:\/\/www.unfoeprae.org\/wp-content\/uploads\/2025\/12\/IMG-20251222-WA0037.jpg\"><img loading=\"lazy\" decoding=\"async\" width=\"1024\" height=\"683\" data-id=\"5603\" src=\"https:\/\/www.unfoeprae.org\/wp-content\/uploads\/2025\/12\/IMG-20251222-WA0037-1024x683.jpg\" alt=\"\" class=\"wp-image-5603\" srcset=\"https:\/\/www.unfoeprae.org\/wp-content\/uploads\/2025\/12\/IMG-20251222-WA0037-1024x683.jpg 1024w, https:\/\/www.unfoeprae.org\/wp-content\/uploads\/2025\/12\/IMG-20251222-WA0037-300x200.jpg 300w, https:\/\/www.unfoeprae.org\/wp-content\/uploads\/2025\/12\/IMG-20251222-WA0037-768x512.jpg 768w, https:\/\/www.unfoeprae.org\/wp-content\/uploads\/2025\/12\/IMG-20251222-WA0037-1536x1024.jpg 1536w, https:\/\/www.unfoeprae.org\/wp-content\/uploads\/2025\/12\/IMG-20251222-WA0037.jpg 2048w\" sizes=\"auto, (max-width: 1024px) 100vw, 1024px\" \/><\/a><\/figure>\n\n\n\n<figure class=\"wp-block-image size-large\"><a href=\"https:\/\/www.unfoeprae.org\/wp-content\/uploads\/2025\/12\/IMG-20251222-WA0038.jpg\"><img loading=\"lazy\" decoding=\"async\" width=\"1024\" height=\"683\" data-id=\"5598\" src=\"https:\/\/www.unfoeprae.org\/wp-content\/uploads\/2025\/12\/IMG-20251222-WA0038-1024x683.jpg\" alt=\"\" class=\"wp-image-5598\" srcset=\"https:\/\/www.unfoeprae.org\/wp-content\/uploads\/2025\/12\/IMG-20251222-WA0038-1024x683.jpg 1024w, https:\/\/www.unfoeprae.org\/wp-content\/uploads\/2025\/12\/IMG-20251222-WA0038-300x200.jpg 300w, https:\/\/www.unfoeprae.org\/wp-content\/uploads\/2025\/12\/IMG-20251222-WA0038-768x512.jpg 768w, https:\/\/www.unfoeprae.org\/wp-content\/uploads\/2025\/12\/IMG-20251222-WA0038-1536x1024.jpg 1536w, https:\/\/www.unfoeprae.org\/wp-content\/uploads\/2025\/12\/IMG-20251222-WA0038.jpg 2048w\" sizes=\"auto, (max-width: 1024px) 100vw, 1024px\" \/><\/a><\/figure>\n\n\n\n<figure class=\"wp-block-image size-large\"><a href=\"https:\/\/www.unfoeprae.org\/wp-content\/uploads\/2025\/12\/IMG-20251222-WA0031.jpg\"><img loading=\"lazy\" decoding=\"async\" width=\"1024\" height=\"683\" data-id=\"5578\" src=\"https:\/\/www.unfoeprae.org\/wp-content\/uploads\/2025\/12\/IMG-20251222-WA0031-1024x683.jpg\" alt=\"\" class=\"wp-image-5578\" srcset=\"https:\/\/www.unfoeprae.org\/wp-content\/uploads\/2025\/12\/IMG-20251222-WA0031-1024x683.jpg 1024w, https:\/\/www.unfoeprae.org\/wp-content\/uploads\/2025\/12\/IMG-20251222-WA0031-300x200.jpg 300w, https:\/\/www.unfoeprae.org\/wp-content\/uploads\/2025\/12\/IMG-20251222-WA0031-768x512.jpg 768w, https:\/\/www.unfoeprae.org\/wp-content\/uploads\/2025\/12\/IMG-20251222-WA0031-1536x1024.jpg 1536w, https:\/\/www.unfoeprae.org\/wp-content\/uploads\/2025\/12\/IMG-20251222-WA0031.jpg 1972w\" sizes=\"auto, (max-width: 1024px) 100vw, 1024px\" \/><\/a><\/figure>\n\n\n\n<figure class=\"wp-block-image size-large\"><a href=\"https:\/\/www.unfoeprae.org\/wp-content\/uploads\/2025\/12\/IMG-20251222-WA0030.jpg\"><img loading=\"lazy\" decoding=\"async\" width=\"1024\" height=\"683\" data-id=\"5558\" src=\"https:\/\/www.unfoeprae.org\/wp-content\/uploads\/2025\/12\/IMG-20251222-WA0030-1024x683.jpg\" alt=\"\" class=\"wp-image-5558\" srcset=\"https:\/\/www.unfoeprae.org\/wp-content\/uploads\/2025\/12\/IMG-20251222-WA0030-1024x683.jpg 1024w, https:\/\/www.unfoeprae.org\/wp-content\/uploads\/2025\/12\/IMG-20251222-WA0030-300x200.jpg 300w, https:\/\/www.unfoeprae.org\/wp-content\/uploads\/2025\/12\/IMG-20251222-WA0030-768x512.jpg 768w, https:\/\/www.unfoeprae.org\/wp-content\/uploads\/2025\/12\/IMG-20251222-WA0030-1536x1024.jpg 1536w, https:\/\/www.unfoeprae.org\/wp-content\/uploads\/2025\/12\/IMG-20251222-WA0030.jpg 1782w\" sizes=\"auto, (max-width: 1024px) 100vw, 1024px\" \/><\/a><\/figure>\n\n\n\n<figure class=\"wp-block-image size-large\"><a href=\"https:\/\/www.unfoeprae.org\/wp-content\/uploads\/2025\/12\/IMG-20251222-WA0024.jpg\"><img loading=\"lazy\" decoding=\"async\" width=\"1024\" height=\"683\" data-id=\"5528\" src=\"https:\/\/www.unfoeprae.org\/wp-content\/uploads\/2025\/12\/IMG-20251222-WA0024-1024x683.jpg\" alt=\"\" class=\"wp-image-5528\" srcset=\"https:\/\/www.unfoeprae.org\/wp-content\/uploads\/2025\/12\/IMG-20251222-WA0024-1024x683.jpg 1024w, https:\/\/www.unfoeprae.org\/wp-content\/uploads\/2025\/12\/IMG-20251222-WA0024-300x200.jpg 300w, https:\/\/www.unfoeprae.org\/wp-content\/uploads\/2025\/12\/IMG-20251222-WA0024-768x512.jpg 768w, https:\/\/www.unfoeprae.org\/wp-content\/uploads\/2025\/12\/IMG-20251222-WA0024-1536x1024.jpg 1536w, https:\/\/www.unfoeprae.org\/wp-content\/uploads\/2025\/12\/IMG-20251222-WA0024.jpg 1858w\" sizes=\"auto, (max-width: 1024px) 100vw, 1024px\" \/><\/a><\/figure>\n\n\n\n<figure class=\"wp-block-image size-large\"><a href=\"https:\/\/www.unfoeprae.org\/wp-content\/uploads\/2025\/12\/IMG-20251222-WA0016.jpg\"><img loading=\"lazy\" decoding=\"async\" width=\"1024\" height=\"682\" data-id=\"5493\" src=\"https:\/\/www.unfoeprae.org\/wp-content\/uploads\/2025\/12\/IMG-20251222-WA0016-1024x682.jpg\" alt=\"\" class=\"wp-image-5493\" srcset=\"https:\/\/www.unfoeprae.org\/wp-content\/uploads\/2025\/12\/IMG-20251222-WA0016-1024x682.jpg 1024w, https:\/\/www.unfoeprae.org\/wp-content\/uploads\/2025\/12\/IMG-20251222-WA0016-300x200.jpg 300w, https:\/\/www.unfoeprae.org\/wp-content\/uploads\/2025\/12\/IMG-20251222-WA0016-768x512.jpg 768w, https:\/\/www.unfoeprae.org\/wp-content\/uploads\/2025\/12\/IMG-20251222-WA0016-1536x1024.jpg 1536w, https:\/\/www.unfoeprae.org\/wp-content\/uploads\/2025\/12\/IMG-20251222-WA0016.jpg 1763w\" sizes=\"auto, (max-width: 1024px) 100vw, 1024px\" \/><\/a><\/figure>\n\n\n\n<figure class=\"wp-block-image size-large\"><a href=\"https:\/\/www.unfoeprae.org\/wp-content\/uploads\/2025\/12\/IMG-20251222-WA0013.jpg\"><img loading=\"lazy\" decoding=\"async\" width=\"1024\" height=\"683\" data-id=\"5483\" src=\"https:\/\/www.unfoeprae.org\/wp-content\/uploads\/2025\/12\/IMG-20251222-WA0013-1024x683.jpg\" alt=\"\" class=\"wp-image-5483\" srcset=\"https:\/\/www.unfoeprae.org\/wp-content\/uploads\/2025\/12\/IMG-20251222-WA0013-1024x683.jpg 1024w, https:\/\/www.unfoeprae.org\/wp-content\/uploads\/2025\/12\/IMG-20251222-WA0013-300x200.jpg 300w, https:\/\/www.unfoeprae.org\/wp-content\/uploads\/2025\/12\/IMG-20251222-WA0013-768x512.jpg 768w, https:\/\/www.unfoeprae.org\/wp-content\/uploads\/2025\/12\/IMG-20251222-WA0013-1536x1025.jpg 1536w, https:\/\/www.unfoeprae.org\/wp-content\/uploads\/2025\/12\/IMG-20251222-WA0013.jpg 1841w\" sizes=\"auto, (max-width: 1024px) 100vw, 1024px\" \/><\/a><\/figure>\n\n\n\n<figure class=\"wp-block-image size-large\"><a href=\"https:\/\/www.unfoeprae.org\/wp-content\/uploads\/2025\/12\/IMG-20251222-WA0000.jpg\"><img loading=\"lazy\" decoding=\"async\" width=\"1024\" height=\"683\" data-id=\"5409\" src=\"https:\/\/www.unfoeprae.org\/wp-content\/uploads\/2025\/12\/IMG-20251222-WA0000-1024x683.jpg\" alt=\"\" class=\"wp-image-5409\" srcset=\"https:\/\/www.unfoeprae.org\/wp-content\/uploads\/2025\/12\/IMG-20251222-WA0000-1024x683.jpg 1024w, https:\/\/www.unfoeprae.org\/wp-content\/uploads\/2025\/12\/IMG-20251222-WA0000-300x200.jpg 300w, https:\/\/www.unfoeprae.org\/wp-content\/uploads\/2025\/12\/IMG-20251222-WA0000-768x512.jpg 768w, https:\/\/www.unfoeprae.org\/wp-content\/uploads\/2025\/12\/IMG-20251222-WA0000-1536x1024.jpg 1536w, https:\/\/www.unfoeprae.org\/wp-content\/uploads\/2025\/12\/IMG-20251222-WA0000.jpg 1969w\" sizes=\"auto, (max-width: 1024px) 100vw, 1024px\" \/><\/a><\/figure>\n\n\n\n<figure class=\"wp-block-image size-large\"><a href=\"https:\/\/www.unfoeprae.org\/wp-content\/uploads\/2025\/12\/IMG-20251222-WA0025.jpg\"><img loading=\"lazy\" decoding=\"async\" width=\"1024\" height=\"683\" data-id=\"5533\" src=\"https:\/\/www.unfoeprae.org\/wp-content\/uploads\/2025\/12\/IMG-20251222-WA0025-1024x683.jpg\" alt=\"\" class=\"wp-image-5533\" srcset=\"https:\/\/www.unfoeprae.org\/wp-content\/uploads\/2025\/12\/IMG-20251222-WA0025-1024x683.jpg 1024w, https:\/\/www.unfoeprae.org\/wp-content\/uploads\/2025\/12\/IMG-20251222-WA0025-300x200.jpg 300w, https:\/\/www.unfoeprae.org\/wp-content\/uploads\/2025\/12\/IMG-20251222-WA0025-768x512.jpg 768w, https:\/\/www.unfoeprae.org\/wp-content\/uploads\/2025\/12\/IMG-20251222-WA0025-1536x1024.jpg 1536w, https:\/\/www.unfoeprae.org\/wp-content\/uploads\/2025\/12\/IMG-20251222-WA0025.jpg 2014w\" sizes=\"auto, (max-width: 1024px) 100vw, 1024px\" \/><\/a><\/figure>\n\n\n\n<figure class=\"wp-block-image size-large\"><a href=\"https:\/\/www.unfoeprae.org\/wp-content\/uploads\/2025\/12\/IMG-20251222-WA0028.jpg\"><img loading=\"lazy\" decoding=\"async\" width=\"1024\" height=\"683\" data-id=\"5547\" src=\"https:\/\/www.unfoeprae.org\/wp-content\/uploads\/2025\/12\/IMG-20251222-WA0028-1024x683.jpg\" alt=\"\" class=\"wp-image-5547\" srcset=\"https:\/\/www.unfoeprae.org\/wp-content\/uploads\/2025\/12\/IMG-20251222-WA0028-1024x683.jpg 1024w, https:\/\/www.unfoeprae.org\/wp-content\/uploads\/2025\/12\/IMG-20251222-WA0028-300x200.jpg 300w, https:\/\/www.unfoeprae.org\/wp-content\/uploads\/2025\/12\/IMG-20251222-WA0028-768x512.jpg 768w, https:\/\/www.unfoeprae.org\/wp-content\/uploads\/2025\/12\/IMG-20251222-WA0028-1536x1024.jpg 1536w, https:\/\/www.unfoeprae.org\/wp-content\/uploads\/2025\/12\/IMG-20251222-WA0028.jpg 2048w\" sizes=\"auto, (max-width: 1024px) 100vw, 1024px\" \/><\/a><\/figure>\n\n\n\n<figure class=\"wp-block-image size-large\"><a href=\"https:\/\/www.unfoeprae.org\/wp-content\/uploads\/2025\/12\/IMG-20251222-WA0004.jpg\"><img loading=\"lazy\" decoding=\"async\" width=\"1024\" height=\"683\" data-id=\"5416\" src=\"https:\/\/www.unfoeprae.org\/wp-content\/uploads\/2025\/12\/IMG-20251222-WA0004-1024x683.jpg\" alt=\"\" class=\"wp-image-5416\" srcset=\"https:\/\/www.unfoeprae.org\/wp-content\/uploads\/2025\/12\/IMG-20251222-WA0004-1024x683.jpg 1024w, https:\/\/www.unfoeprae.org\/wp-content\/uploads\/2025\/12\/IMG-20251222-WA0004-300x200.jpg 300w, https:\/\/www.unfoeprae.org\/wp-content\/uploads\/2025\/12\/IMG-20251222-WA0004-768x512.jpg 768w, https:\/\/www.unfoeprae.org\/wp-content\/uploads\/2025\/12\/IMG-20251222-WA0004-1536x1024.jpg 1536w, https:\/\/www.unfoeprae.org\/wp-content\/uploads\/2025\/12\/IMG-20251222-WA0004.jpg 2048w\" sizes=\"auto, (max-width: 1024px) 100vw, 1024px\" \/><\/a><\/figure>\n\n\n\n<figure class=\"wp-block-image size-large\"><a href=\"https:\/\/www.unfoeprae.org\/wp-content\/uploads\/2025\/12\/IMG-20251222-WA0008.jpg\"><img loading=\"lazy\" decoding=\"async\" width=\"1024\" height=\"683\" data-id=\"5450\" src=\"https:\/\/www.unfoeprae.org\/wp-content\/uploads\/2025\/12\/IMG-20251222-WA0008-1024x683.jpg\" alt=\"\" class=\"wp-image-5450\" srcset=\"https:\/\/www.unfoeprae.org\/wp-content\/uploads\/2025\/12\/IMG-20251222-WA0008-1024x683.jpg 1024w, https:\/\/www.unfoeprae.org\/wp-content\/uploads\/2025\/12\/IMG-20251222-WA0008-300x200.jpg 300w, https:\/\/www.unfoeprae.org\/wp-content\/uploads\/2025\/12\/IMG-20251222-WA0008-768x512.jpg 768w, https:\/\/www.unfoeprae.org\/wp-content\/uploads\/2025\/12\/IMG-20251222-WA0008-1536x1025.jpg 1536w, https:\/\/www.unfoeprae.org\/wp-content\/uploads\/2025\/12\/IMG-20251222-WA0008.jpg 1916w\" sizes=\"auto, (max-width: 1024px) 100vw, 1024px\" \/><\/a><\/figure>\n\n\n\n<figure class=\"wp-block-image size-large\"><a href=\"https:\/\/www.unfoeprae.org\/wp-content\/uploads\/2025\/12\/IMG-20251222-WA0029.jpg\"><img loading=\"lazy\" decoding=\"async\" width=\"1024\" height=\"683\" data-id=\"5549\" src=\"https:\/\/www.unfoeprae.org\/wp-content\/uploads\/2025\/12\/IMG-20251222-WA0029-1024x683.jpg\" alt=\"\" class=\"wp-image-5549\" srcset=\"https:\/\/www.unfoeprae.org\/wp-content\/uploads\/2025\/12\/IMG-20251222-WA0029-1024x683.jpg 1024w, https:\/\/www.unfoeprae.org\/wp-content\/uploads\/2025\/12\/IMG-20251222-WA0029-300x200.jpg 300w, https:\/\/www.unfoeprae.org\/wp-content\/uploads\/2025\/12\/IMG-20251222-WA0029-768x512.jpg 768w, https:\/\/www.unfoeprae.org\/wp-content\/uploads\/2025\/12\/IMG-20251222-WA0029-1536x1024.jpg 1536w, https:\/\/www.unfoeprae.org\/wp-content\/uploads\/2025\/12\/IMG-20251222-WA0029.jpg 2048w\" sizes=\"auto, (max-width: 1024px) 100vw, 1024px\" \/><\/a><\/figure>\n\n\n\n<figure class=\"wp-block-image size-large\"><a href=\"https:\/\/www.unfoeprae.org\/wp-content\/uploads\/2025\/12\/IMG-20251222-WA0041.jpg\"><img loading=\"lazy\" decoding=\"async\" width=\"1024\" height=\"682\" data-id=\"5608\" src=\"https:\/\/www.unfoeprae.org\/wp-content\/uploads\/2025\/12\/IMG-20251222-WA0041-1024x682.jpg\" alt=\"\" class=\"wp-image-5608\" srcset=\"https:\/\/www.unfoeprae.org\/wp-content\/uploads\/2025\/12\/IMG-20251222-WA0041-1024x682.jpg 1024w, https:\/\/www.unfoeprae.org\/wp-content\/uploads\/2025\/12\/IMG-20251222-WA0041-300x200.jpg 300w, https:\/\/www.unfoeprae.org\/wp-content\/uploads\/2025\/12\/IMG-20251222-WA0041-768x512.jpg 768w, https:\/\/www.unfoeprae.org\/wp-content\/uploads\/2025\/12\/IMG-20251222-WA0041-1536x1023.jpg 1536w, https:\/\/www.unfoeprae.org\/wp-content\/uploads\/2025\/12\/IMG-20251222-WA0041.jpg 1600w\" sizes=\"auto, (max-width: 1024px) 100vw, 1024px\" \/><\/a><\/figure>\n\n\n\n<figure class=\"wp-block-image size-large\"><a href=\"https:\/\/www.unfoeprae.org\/wp-content\/uploads\/2025\/12\/IMG-20251222-WA0039.jpg\"><img loading=\"lazy\" decoding=\"async\" width=\"1024\" height=\"683\" data-id=\"5593\" src=\"https:\/\/www.unfoeprae.org\/wp-content\/uploads\/2025\/12\/IMG-20251222-WA0039-1024x683.jpg\" alt=\"\" class=\"wp-image-5593\" srcset=\"https:\/\/www.unfoeprae.org\/wp-content\/uploads\/2025\/12\/IMG-20251222-WA0039-1024x683.jpg 1024w, https:\/\/www.unfoeprae.org\/wp-content\/uploads\/2025\/12\/IMG-20251222-WA0039-300x200.jpg 300w, https:\/\/www.unfoeprae.org\/wp-content\/uploads\/2025\/12\/IMG-20251222-WA0039-768x512.jpg 768w, https:\/\/www.unfoeprae.org\/wp-content\/uploads\/2025\/12\/IMG-20251222-WA0039-1536x1024.jpg 1536w, https:\/\/www.unfoeprae.org\/wp-content\/uploads\/2025\/12\/IMG-20251222-WA0039.jpg 1860w\" sizes=\"auto, (max-width: 1024px) 100vw, 1024px\" \/><\/a><\/figure>\n\n\n\n<figure class=\"wp-block-image size-large\"><a href=\"https:\/\/www.unfoeprae.org\/wp-content\/uploads\/2025\/12\/IMG-20251222-WA0033.jpg\"><img loading=\"lazy\" decoding=\"async\" width=\"1024\" height=\"683\" data-id=\"5568\" src=\"https:\/\/www.unfoeprae.org\/wp-content\/uploads\/2025\/12\/IMG-20251222-WA0033-1024x683.jpg\" alt=\"\" class=\"wp-image-5568\" srcset=\"https:\/\/www.unfoeprae.org\/wp-content\/uploads\/2025\/12\/IMG-20251222-WA0033-1024x683.jpg 1024w, https:\/\/www.unfoeprae.org\/wp-content\/uploads\/2025\/12\/IMG-20251222-WA0033-300x200.jpg 300w, https:\/\/www.unfoeprae.org\/wp-content\/uploads\/2025\/12\/IMG-20251222-WA0033-768x512.jpg 768w, https:\/\/www.unfoeprae.org\/wp-content\/uploads\/2025\/12\/IMG-20251222-WA0033-1536x1025.jpg 1536w, https:\/\/www.unfoeprae.org\/wp-content\/uploads\/2025\/12\/IMG-20251222-WA0033.jpg 1913w\" sizes=\"auto, (max-width: 1024px) 100vw, 1024px\" \/><\/a><\/figure>\n\n\n\n<figure class=\"wp-block-image size-large\"><a href=\"https:\/\/www.unfoeprae.org\/wp-content\/uploads\/2025\/12\/IMG-20251222-WA0026.jpg\"><img loading=\"lazy\" decoding=\"async\" width=\"1024\" height=\"682\" data-id=\"5543\" src=\"https:\/\/www.unfoeprae.org\/wp-content\/uploads\/2025\/12\/IMG-20251222-WA0026-1024x682.jpg\" alt=\"\" class=\"wp-image-5543\" srcset=\"https:\/\/www.unfoeprae.org\/wp-content\/uploads\/2025\/12\/IMG-20251222-WA0026-1024x682.jpg 1024w, https:\/\/www.unfoeprae.org\/wp-content\/uploads\/2025\/12\/IMG-20251222-WA0026-300x200.jpg 300w, https:\/\/www.unfoeprae.org\/wp-content\/uploads\/2025\/12\/IMG-20251222-WA0026-768x512.jpg 768w, https:\/\/www.unfoeprae.org\/wp-content\/uploads\/2025\/12\/IMG-20251222-WA0026-1536x1024.jpg 1536w, https:\/\/www.unfoeprae.org\/wp-content\/uploads\/2025\/12\/IMG-20251222-WA0026.jpg 1991w\" sizes=\"auto, (max-width: 1024px) 100vw, 1024px\" \/><\/a><\/figure>\n\n\n\n<figure class=\"wp-block-image size-large\"><a href=\"https:\/\/www.unfoeprae.org\/wp-content\/uploads\/2025\/12\/IMG-20251222-WA0019.jpg\"><img loading=\"lazy\" decoding=\"async\" width=\"1024\" height=\"683\" data-id=\"5503\" src=\"https:\/\/www.unfoeprae.org\/wp-content\/uploads\/2025\/12\/IMG-20251222-WA0019-1024x683.jpg\" alt=\"\" class=\"wp-image-5503\" srcset=\"https:\/\/www.unfoeprae.org\/wp-content\/uploads\/2025\/12\/IMG-20251222-WA0019-1024x683.jpg 1024w, https:\/\/www.unfoeprae.org\/wp-content\/uploads\/2025\/12\/IMG-20251222-WA0019-300x200.jpg 300w, https:\/\/www.unfoeprae.org\/wp-content\/uploads\/2025\/12\/IMG-20251222-WA0019-768x512.jpg 768w, https:\/\/www.unfoeprae.org\/wp-content\/uploads\/2025\/12\/IMG-20251222-WA0019-1536x1024.jpg 1536w, https:\/\/www.unfoeprae.org\/wp-content\/uploads\/2025\/12\/IMG-20251222-WA0019.jpg 2048w\" sizes=\"auto, (max-width: 1024px) 100vw, 1024px\" \/><\/a><\/figure>\n<\/figure>\n<\/details>\n\n\n\n<div class=\"wp-block-group\"><div class=\"wp-block-group__inner-container is-layout-constrained wp-block-group-is-layout-constrained\">\n<div class=\"wp-block-columns is-layout-flex wp-container-core-columns-is-layout-9d6595d7 wp-block-columns-is-layout-flex\">\n<div class=\"wp-block-column is-layout-flow wp-block-column-is-layout-flow\" style=\"flex-basis:100%\"><\/div>\n<\/div>\n<\/div><\/div>\n\n\n\n<p><\/p>\n","protected":false},"excerpt":{"rendered":"<p>Die zweite Ausgabe der Ausstellung \u201eUn.Foe.Prae\u201c, die in Zusammenarbeit mit der Ghaqda Hbieb tal-Presepju Ghawdex Malta 1985 sowie der Associazione Italiana Amici del Presepio realisiert wurde, wurde am 6. Dezember 2025 feierlich er\u00f6ffnet. Austragungsort ist die Basilika Sant\u2019Andrea della Valle in Rom, wo die Ausstellung bis zum 2. Februar 2026 besucht werden kann. Beim Er\u00f6ffnungskonzert [&hellip;]<\/p>\n","protected":false},"author":4,"featured_media":0,"comment_status":"closed","ping_status":"closed","sticky":false,"template":"","format":"standard","meta":{"_acf_changed":false,"footnotes":""},"categories":[37],"tags":[],"class_list":["post-5404","post","type-post","status-publish","format-standard","hentry","category-info-notizie-de"],"acf":[],"yoast_head":"<!-- This site is optimized with the Yoast SEO plugin v27.2 - https:\/\/yoast.com\/product\/yoast-seo-wordpress\/ -->\n<title>Zweite Ausgabe der Ausstellung \u201eUn.Foe.Prae\u201c - Sant\u2019Andrea della Valle, Rom (06.12.25 bis 02.02.26) - Universalis Foederatio Presepistica<\/title>\n<meta name=\"robots\" content=\"index, follow, max-snippet:-1, max-image-preview:large, max-video-preview:-1\" \/>\n<link rel=\"canonical\" href=\"https:\/\/www.unfoeprae.org\/de\/second-edition-of-the-un-foe-prae-exhibition-opens-at-santandrea-della-valle\/\" \/>\n<meta property=\"og:locale\" content=\"de_DE\" \/>\n<meta property=\"og:type\" content=\"article\" \/>\n<meta property=\"og:title\" content=\"Zweite Ausgabe der Ausstellung \u201eUn.Foe.Prae\u201c - Sant\u2019Andrea della Valle, Rom (06.12.25 bis 02.02.26) - Universalis Foederatio Presepistica\" \/>\n<meta property=\"og:description\" content=\"Die zweite Ausgabe der Ausstellung \u201eUn.Foe.Prae\u201c, die in Zusammenarbeit mit der Ghaqda Hbieb tal-Presepju Ghawdex Malta 1985 sowie der Associazione Italiana Amici del Presepio realisiert wurde, wurde am 6. Dezember 2025 feierlich er\u00f6ffnet. Austragungsort ist die Basilika Sant\u2019Andrea della Valle in Rom, wo die Ausstellung bis zum 2. Februar 2026 besucht werden kann. Beim Er\u00f6ffnungskonzert [&hellip;]\" \/>\n<meta property=\"og:url\" content=\"https:\/\/www.unfoeprae.org\/de\/second-edition-of-the-un-foe-prae-exhibition-opens-at-santandrea-della-valle\/\" \/>\n<meta property=\"og:site_name\" content=\"Universalis Foederatio Presepistica\" \/>\n<meta property=\"article:published_time\" content=\"2025-12-22T16:09:42+00:00\" \/>\n<meta property=\"article:modified_time\" content=\"2025-12-22T16:55:48+00:00\" \/>\n<meta property=\"og:image\" content=\"https:\/\/www.unfoeprae.org\/wp-content\/uploads\/2025\/12\/IMG-20251222-WA0002-1.jpg\" \/>\n\t<meta property=\"og:image:width\" content=\"1775\" \/>\n\t<meta property=\"og:image:height\" content=\"1184\" \/>\n\t<meta property=\"og:image:type\" content=\"image\/jpeg\" \/>\n<meta name=\"author\" content=\"AdminRoger\" \/>\n<meta name=\"twitter:card\" content=\"summary_large_image\" \/>\n<meta name=\"twitter:label1\" content=\"Verfasst von\" \/>\n\t<meta name=\"twitter:data1\" content=\"AdminRoger\" \/>\n\t<meta name=\"twitter:label2\" content=\"Gesch\u00e4tzte Lesezeit\" \/>\n\t<meta name=\"twitter:data2\" content=\"5\u00a0Minuten\" \/>\n<script type=\"application\/ld+json\" class=\"yoast-schema-graph\">{\"@context\":\"https:\/\/schema.org\",\"@graph\":[{\"@type\":\"Article\",\"@id\":\"https:\/\/www.unfoeprae.org\/de\/second-edition-of-the-un-foe-prae-exhibition-opens-at-santandrea-della-valle\/#article\",\"isPartOf\":{\"@id\":\"https:\/\/www.unfoeprae.org\/de\/second-edition-of-the-un-foe-prae-exhibition-opens-at-santandrea-della-valle\/\"},\"author\":{\"name\":\"AdminRoger\",\"@id\":\"https:\/\/www.unfoeprae.org\/de\/#\/schema\/person\/010b677546cfd81b4a5d640d91fd79e1\"},\"headline\":\"Zweite Ausgabe der Ausstellung \u201eUn.Foe.Prae\u201c &#8211; Sant\u2019Andrea della Valle, Rom (06.12.25 bis 02.02.26)\",\"datePublished\":\"2025-12-22T16:09:42+00:00\",\"dateModified\":\"2025-12-22T16:55:48+00:00\",\"mainEntityOfPage\":{\"@id\":\"https:\/\/www.unfoeprae.org\/de\/second-edition-of-the-un-foe-prae-exhibition-opens-at-santandrea-della-valle\/\"},\"wordCount\":122,\"image\":{\"@id\":\"https:\/\/www.unfoeprae.org\/de\/second-edition-of-the-un-foe-prae-exhibition-opens-at-santandrea-della-valle\/#primaryimage\"},\"thumbnailUrl\":\"https:\/\/www.unfoeprae.org\/wp-content\/uploads\/2025\/12\/IMG-20251222-WA0002-1-1024x683.jpg\",\"articleSection\":[\"Infos und Neuigkeiten\"],\"inLanguage\":\"de\"},{\"@type\":\"WebPage\",\"@id\":\"https:\/\/www.unfoeprae.org\/de\/second-edition-of-the-un-foe-prae-exhibition-opens-at-santandrea-della-valle\/\",\"url\":\"https:\/\/www.unfoeprae.org\/de\/second-edition-of-the-un-foe-prae-exhibition-opens-at-santandrea-della-valle\/\",\"name\":\"Zweite Ausgabe der Ausstellung \u201eUn.Foe.Prae\u201c - Sant\u2019Andrea della Valle, Rom (06.12.25 bis 02.02.26) - Universalis Foederatio Presepistica\",\"isPartOf\":{\"@id\":\"https:\/\/www.unfoeprae.org\/de\/#website\"},\"primaryImageOfPage\":{\"@id\":\"https:\/\/www.unfoeprae.org\/de\/second-edition-of-the-un-foe-prae-exhibition-opens-at-santandrea-della-valle\/#primaryimage\"},\"image\":{\"@id\":\"https:\/\/www.unfoeprae.org\/de\/second-edition-of-the-un-foe-prae-exhibition-opens-at-santandrea-della-valle\/#primaryimage\"},\"thumbnailUrl\":\"https:\/\/www.unfoeprae.org\/wp-content\/uploads\/2025\/12\/IMG-20251222-WA0002-1-1024x683.jpg\",\"datePublished\":\"2025-12-22T16:09:42+00:00\",\"dateModified\":\"2025-12-22T16:55:48+00:00\",\"author\":{\"@id\":\"https:\/\/www.unfoeprae.org\/de\/#\/schema\/person\/010b677546cfd81b4a5d640d91fd79e1\"},\"breadcrumb\":{\"@id\":\"https:\/\/www.unfoeprae.org\/de\/second-edition-of-the-un-foe-prae-exhibition-opens-at-santandrea-della-valle\/#breadcrumb\"},\"inLanguage\":\"de\",\"potentialAction\":[{\"@type\":\"ReadAction\",\"target\":[\"https:\/\/www.unfoeprae.org\/de\/second-edition-of-the-un-foe-prae-exhibition-opens-at-santandrea-della-valle\/\"]}]},{\"@type\":\"ImageObject\",\"inLanguage\":\"de\",\"@id\":\"https:\/\/www.unfoeprae.org\/de\/second-edition-of-the-un-foe-prae-exhibition-opens-at-santandrea-della-valle\/#primaryimage\",\"url\":\"https:\/\/www.unfoeprae.org\/wp-content\/uploads\/2025\/12\/IMG-20251222-WA0002-1-1024x683.jpg\",\"contentUrl\":\"https:\/\/www.unfoeprae.org\/wp-content\/uploads\/2025\/12\/IMG-20251222-WA0002-1-1024x683.jpg\"},{\"@type\":\"BreadcrumbList\",\"@id\":\"https:\/\/www.unfoeprae.org\/de\/second-edition-of-the-un-foe-prae-exhibition-opens-at-santandrea-della-valle\/#breadcrumb\",\"itemListElement\":[{\"@type\":\"ListItem\",\"position\":1,\"name\":\"Home\",\"item\":\"https:\/\/www.unfoeprae.org\/de\/\"},{\"@type\":\"ListItem\",\"position\":2,\"name\":\"Zweite Ausgabe der Ausstellung \u201eUn.Foe.Prae\u201c &#8211; Sant\u2019Andrea della Valle, Rom (06.12.25 bis 02.02.26)\"}]},{\"@type\":\"WebSite\",\"@id\":\"https:\/\/www.unfoeprae.org\/de\/#website\",\"url\":\"https:\/\/www.unfoeprae.org\/de\/\",\"name\":\"Universalis Foederatio Presepistica\",\"description\":\"Preservare, coltivare, sostenere, far rivivere e promuovere la diversit\u00e0 culturale e artistica della tradizione di Presepi nei vari paesi del mondo.\",\"potentialAction\":[{\"@type\":\"SearchAction\",\"target\":{\"@type\":\"EntryPoint\",\"urlTemplate\":\"https:\/\/www.unfoeprae.org\/de\/?s={search_term_string}\"},\"query-input\":{\"@type\":\"PropertyValueSpecification\",\"valueRequired\":true,\"valueName\":\"search_term_string\"}}],\"inLanguage\":\"de\"},{\"@type\":\"Person\",\"@id\":\"https:\/\/www.unfoeprae.org\/de\/#\/schema\/person\/010b677546cfd81b4a5d640d91fd79e1\",\"name\":\"AdminRoger\",\"image\":{\"@type\":\"ImageObject\",\"inLanguage\":\"de\",\"@id\":\"https:\/\/secure.gravatar.com\/avatar\/42e3897209fbbe54a237d745e6ad60788b6ad3f347ce7f0024fade185cabf1cb?s=96&d=mm&r=g\",\"url\":\"https:\/\/secure.gravatar.com\/avatar\/42e3897209fbbe54a237d745e6ad60788b6ad3f347ce7f0024fade185cabf1cb?s=96&d=mm&r=g\",\"contentUrl\":\"https:\/\/secure.gravatar.com\/avatar\/42e3897209fbbe54a237d745e6ad60788b6ad3f347ce7f0024fade185cabf1cb?s=96&d=mm&r=g\",\"caption\":\"AdminRoger\"},\"url\":\"https:\/\/www.unfoeprae.org\/de\/author\/adminroger\/\"}]}<\/script>\n<!-- \/ Yoast SEO plugin. -->","yoast_head_json":{"title":"Zweite Ausgabe der Ausstellung \u201eUn.Foe.Prae\u201c - Sant\u2019Andrea della Valle, Rom (06.12.25 bis 02.02.26) - Universalis Foederatio Presepistica","robots":{"index":"index","follow":"follow","max-snippet":"max-snippet:-1","max-image-preview":"max-image-preview:large","max-video-preview":"max-video-preview:-1"},"canonical":"https:\/\/www.unfoeprae.org\/de\/second-edition-of-the-un-foe-prae-exhibition-opens-at-santandrea-della-valle\/","og_locale":"de_DE","og_type":"article","og_title":"Zweite Ausgabe der Ausstellung \u201eUn.Foe.Prae\u201c - Sant\u2019Andrea della Valle, Rom (06.12.25 bis 02.02.26) - Universalis Foederatio Presepistica","og_description":"Die zweite Ausgabe der Ausstellung \u201eUn.Foe.Prae\u201c, die in Zusammenarbeit mit der Ghaqda Hbieb tal-Presepju Ghawdex Malta 1985 sowie der Associazione Italiana Amici del Presepio realisiert wurde, wurde am 6. Dezember 2025 feierlich er\u00f6ffnet. Austragungsort ist die Basilika Sant\u2019Andrea della Valle in Rom, wo die Ausstellung bis zum 2. Februar 2026 besucht werden kann. Beim Er\u00f6ffnungskonzert [&hellip;]","og_url":"https:\/\/www.unfoeprae.org\/de\/second-edition-of-the-un-foe-prae-exhibition-opens-at-santandrea-della-valle\/","og_site_name":"Universalis Foederatio Presepistica","article_published_time":"2025-12-22T16:09:42+00:00","article_modified_time":"2025-12-22T16:55:48+00:00","og_image":[{"width":1775,"height":1184,"url":"https:\/\/www.unfoeprae.org\/wp-content\/uploads\/2025\/12\/IMG-20251222-WA0002-1.jpg","type":"image\/jpeg"}],"author":"AdminRoger","twitter_card":"summary_large_image","twitter_misc":{"Verfasst von":"AdminRoger","Gesch\u00e4tzte Lesezeit":"5\u00a0Minuten"},"schema":{"@context":"https:\/\/schema.org","@graph":[{"@type":"Article","@id":"https:\/\/www.unfoeprae.org\/de\/second-edition-of-the-un-foe-prae-exhibition-opens-at-santandrea-della-valle\/#article","isPartOf":{"@id":"https:\/\/www.unfoeprae.org\/de\/second-edition-of-the-un-foe-prae-exhibition-opens-at-santandrea-della-valle\/"},"author":{"name":"AdminRoger","@id":"https:\/\/www.unfoeprae.org\/de\/#\/schema\/person\/010b677546cfd81b4a5d640d91fd79e1"},"headline":"Zweite Ausgabe der Ausstellung \u201eUn.Foe.Prae\u201c &#8211; Sant\u2019Andrea della Valle, Rom (06.12.25 bis 02.02.26)","datePublished":"2025-12-22T16:09:42+00:00","dateModified":"2025-12-22T16:55:48+00:00","mainEntityOfPage":{"@id":"https:\/\/www.unfoeprae.org\/de\/second-edition-of-the-un-foe-prae-exhibition-opens-at-santandrea-della-valle\/"},"wordCount":122,"image":{"@id":"https:\/\/www.unfoeprae.org\/de\/second-edition-of-the-un-foe-prae-exhibition-opens-at-santandrea-della-valle\/#primaryimage"},"thumbnailUrl":"https:\/\/www.unfoeprae.org\/wp-content\/uploads\/2025\/12\/IMG-20251222-WA0002-1-1024x683.jpg","articleSection":["Infos und Neuigkeiten"],"inLanguage":"de"},{"@type":"WebPage","@id":"https:\/\/www.unfoeprae.org\/de\/second-edition-of-the-un-foe-prae-exhibition-opens-at-santandrea-della-valle\/","url":"https:\/\/www.unfoeprae.org\/de\/second-edition-of-the-un-foe-prae-exhibition-opens-at-santandrea-della-valle\/","name":"Zweite Ausgabe der Ausstellung \u201eUn.Foe.Prae\u201c - Sant\u2019Andrea della Valle, Rom (06.12.25 bis 02.02.26) - Universalis Foederatio Presepistica","isPartOf":{"@id":"https:\/\/www.unfoeprae.org\/de\/#website"},"primaryImageOfPage":{"@id":"https:\/\/www.unfoeprae.org\/de\/second-edition-of-the-un-foe-prae-exhibition-opens-at-santandrea-della-valle\/#primaryimage"},"image":{"@id":"https:\/\/www.unfoeprae.org\/de\/second-edition-of-the-un-foe-prae-exhibition-opens-at-santandrea-della-valle\/#primaryimage"},"thumbnailUrl":"https:\/\/www.unfoeprae.org\/wp-content\/uploads\/2025\/12\/IMG-20251222-WA0002-1-1024x683.jpg","datePublished":"2025-12-22T16:09:42+00:00","dateModified":"2025-12-22T16:55:48+00:00","author":{"@id":"https:\/\/www.unfoeprae.org\/de\/#\/schema\/person\/010b677546cfd81b4a5d640d91fd79e1"},"breadcrumb":{"@id":"https:\/\/www.unfoeprae.org\/de\/second-edition-of-the-un-foe-prae-exhibition-opens-at-santandrea-della-valle\/#breadcrumb"},"inLanguage":"de","potentialAction":[{"@type":"ReadAction","target":["https:\/\/www.unfoeprae.org\/de\/second-edition-of-the-un-foe-prae-exhibition-opens-at-santandrea-della-valle\/"]}]},{"@type":"ImageObject","inLanguage":"de","@id":"https:\/\/www.unfoeprae.org\/de\/second-edition-of-the-un-foe-prae-exhibition-opens-at-santandrea-della-valle\/#primaryimage","url":"https:\/\/www.unfoeprae.org\/wp-content\/uploads\/2025\/12\/IMG-20251222-WA0002-1-1024x683.jpg","contentUrl":"https:\/\/www.unfoeprae.org\/wp-content\/uploads\/2025\/12\/IMG-20251222-WA0002-1-1024x683.jpg"},{"@type":"BreadcrumbList","@id":"https:\/\/www.unfoeprae.org\/de\/second-edition-of-the-un-foe-prae-exhibition-opens-at-santandrea-della-valle\/#breadcrumb","itemListElement":[{"@type":"ListItem","position":1,"name":"Home","item":"https:\/\/www.unfoeprae.org\/de\/"},{"@type":"ListItem","position":2,"name":"Zweite Ausgabe der Ausstellung \u201eUn.Foe.Prae\u201c &#8211; Sant\u2019Andrea della Valle, Rom (06.12.25 bis 02.02.26)"}]},{"@type":"WebSite","@id":"https:\/\/www.unfoeprae.org\/de\/#website","url":"https:\/\/www.unfoeprae.org\/de\/","name":"Universalis Foederatio Presepistica","description":"Preservare, coltivare, sostenere, far rivivere e promuovere la diversit\u00e0 culturale e artistica della tradizione di Presepi nei vari paesi del mondo.","potentialAction":[{"@type":"SearchAction","target":{"@type":"EntryPoint","urlTemplate":"https:\/\/www.unfoeprae.org\/de\/?s={search_term_string}"},"query-input":{"@type":"PropertyValueSpecification","valueRequired":true,"valueName":"search_term_string"}}],"inLanguage":"de"},{"@type":"Person","@id":"https:\/\/www.unfoeprae.org\/de\/#\/schema\/person\/010b677546cfd81b4a5d640d91fd79e1","name":"AdminRoger","image":{"@type":"ImageObject","inLanguage":"de","@id":"https:\/\/secure.gravatar.com\/avatar\/42e3897209fbbe54a237d745e6ad60788b6ad3f347ce7f0024fade185cabf1cb?s=96&d=mm&r=g","url":"https:\/\/secure.gravatar.com\/avatar\/42e3897209fbbe54a237d745e6ad60788b6ad3f347ce7f0024fade185cabf1cb?s=96&d=mm&r=g","contentUrl":"https:\/\/secure.gravatar.com\/avatar\/42e3897209fbbe54a237d745e6ad60788b6ad3f347ce7f0024fade185cabf1cb?s=96&d=mm&r=g","caption":"AdminRoger"},"url":"https:\/\/www.unfoeprae.org\/de\/author\/adminroger\/"}]}},"_links":{"self":[{"href":"https:\/\/www.unfoeprae.org\/de\/wp-json\/wp\/v2\/posts\/5404","targetHints":{"allow":["GET"]}}],"collection":[{"href":"https:\/\/www.unfoeprae.org\/de\/wp-json\/wp\/v2\/posts"}],"about":[{"href":"https:\/\/www.unfoeprae.org\/de\/wp-json\/wp\/v2\/types\/post"}],"author":[{"embeddable":true,"href":"https:\/\/www.unfoeprae.org\/de\/wp-json\/wp\/v2\/users\/4"}],"replies":[{"embeddable":true,"href":"https:\/\/www.unfoeprae.org\/de\/wp-json\/wp\/v2\/comments?post=5404"}],"version-history":[{"count":5,"href":"https:\/\/www.unfoeprae.org\/de\/wp-json\/wp\/v2\/posts\/5404\/revisions"}],"predecessor-version":[{"id":5697,"href":"https:\/\/www.unfoeprae.org\/de\/wp-json\/wp\/v2\/posts\/5404\/revisions\/5697"}],"wp:attachment":[{"href":"https:\/\/www.unfoeprae.org\/de\/wp-json\/wp\/v2\/media?parent=5404"}],"wp:term":[{"taxonomy":"category","embeddable":true,"href":"https:\/\/www.unfoeprae.org\/de\/wp-json\/wp\/v2\/categories?post=5404"},{"taxonomy":"post_tag","embeddable":true,"href":"https:\/\/www.unfoeprae.org\/de\/wp-json\/wp\/v2\/tags?post=5404"}],"curies":[{"name":"wp","href":"https:\/\/api.w.org\/{rel}","templated":true}]}}