{"id":1514,"date":"2023-09-14T14:07:59","date_gmt":"2023-09-14T14:07:59","guid":{"rendered":"https:\/\/www.unfoeprae.org\/consegna-del-diploma-e-delle-medaglie-a-papa-francesco\/"},"modified":"2023-10-26T14:38:27","modified_gmt":"2023-10-26T14:38:27","slug":"consegna-del-diploma-e-delle-medaglie-a-papa-francesco","status":"publish","type":"post","link":"https:\/\/www.unfoeprae.org\/es\/consegna-del-diploma-e-delle-medaglie-a-papa-francesco\/","title":{"rendered":"#FROMTHEPAST: Entrega de diploma y medallas al Papa Francisco"},"content":{"rendered":"\n<p>Hoy 31 de octubre de 2022 es un d\u00eda muy importante para nosotros los miembros de Un.Foe.Prae y para todos los amantes del pesebre. Nuestro Presidente Albert Catal\u00e0 tuvo una audiencia con el Papa Francisco como inicio oficial del 800 aniversario de la primera natividad en Greccio. <\/p>\n\n\n\n<p>Al Papa le hemos entregado el diploma y las medallas de nuestro \u00faltimo congreso celebrado en Aquisgr\u00e1n en enero de 2020. Seguramente este d\u00eda ser\u00e1 recordado con mucha emoci\u00f3n y placer en los a\u00f1os venideros.<\/p>\n\n\n<div class=\"wp-block-image\">\n<figure class=\"aligncenter size-full\"><img loading=\"lazy\" decoding=\"async\" width=\"690\" height=\"518\" src=\"https:\/\/www.unfoeprae.org\/wp-content\/uploads\/2023\/09\/72952_n.jpg\" alt=\"\" class=\"wp-image-505\" srcset=\"https:\/\/www.unfoeprae.org\/wp-content\/uploads\/2023\/09\/72952_n.jpg 690w, https:\/\/www.unfoeprae.org\/wp-content\/uploads\/2023\/09\/72952_n-300x225.jpg 300w\" sizes=\"auto, (max-width: 690px) 100vw, 690px\" \/><\/figure>\n<\/div>\n\n\n<figure class=\"wp-block-gallery has-nested-images columns-default is-cropped wp-block-gallery-1 is-layout-flex wp-block-gallery-is-layout-flex\">\n<figure class=\"wp-block-image size-large\"><img loading=\"lazy\" decoding=\"async\" width=\"340\" height=\"255\" data-id=\"510\" src=\"https:\/\/www.unfoeprae.org\/wp-content\/uploads\/2023\/09\/50631_n.jpg\" alt=\"\" class=\"wp-image-510\" srcset=\"https:\/\/www.unfoeprae.org\/wp-content\/uploads\/2023\/09\/50631_n.jpg 340w, https:\/\/www.unfoeprae.org\/wp-content\/uploads\/2023\/09\/50631_n-300x225.jpg 300w\" sizes=\"auto, (max-width: 340px) 100vw, 340px\" \/><\/figure>\n\n\n\n<figure class=\"wp-block-image size-large\"><img loading=\"lazy\" decoding=\"async\" width=\"340\" height=\"255\" data-id=\"515\" src=\"https:\/\/www.unfoeprae.org\/wp-content\/uploads\/2023\/09\/8288_na.jpg\" alt=\"\" class=\"wp-image-515\" srcset=\"https:\/\/www.unfoeprae.org\/wp-content\/uploads\/2023\/09\/8288_na.jpg 340w, https:\/\/www.unfoeprae.org\/wp-content\/uploads\/2023\/09\/8288_na-300x225.jpg 300w\" sizes=\"auto, (max-width: 340px) 100vw, 340px\" \/><\/figure>\n<\/figure>\n","protected":false},"excerpt":{"rendered":"<p>Hoy 31 de octubre de 2022 es un d\u00eda muy importante para nosotros los miembros de Un.Foe.Prae y para todos los amantes del pesebre. Nuestro Presidente Albert Catal\u00e0 tuvo una audiencia con el Papa Francisco como inicio oficial del 800 aniversario de la primera natividad en Greccio. Al Papa le hemos entregado el diploma y [&hellip;]<\/p>\n","protected":false},"author":1,"featured_media":0,"comment_status":"closed","ping_status":"closed","sticky":false,"template":"","format":"standard","meta":{"_acf_changed":false,"footnotes":""},"categories":[38],"tags":[],"class_list":["post-1514","post","type-post","status-publish","format-standard","hentry","category-info-notizie-es"],"acf":[],"yoast_head":"<!-- This site is optimized with the Yoast SEO plugin v27.2 - https:\/\/yoast.com\/product\/yoast-seo-wordpress\/ -->\n<title>#FROMTHEPAST: Entrega de diploma y medallas al Papa Francisco - Universalis Foederatio Presepistica<\/title>\n<meta name=\"robots\" content=\"index, follow, max-snippet:-1, max-image-preview:large, max-video-preview:-1\" \/>\n<link rel=\"canonical\" href=\"https:\/\/www.unfoeprae.org\/es\/consegna-del-diploma-e-delle-medaglie-a-papa-francesco\/\" \/>\n<meta property=\"og:locale\" content=\"es_ES\" \/>\n<meta property=\"og:type\" content=\"article\" \/>\n<meta property=\"og:title\" content=\"#FROMTHEPAST: Entrega de diploma y medallas al Papa Francisco - Universalis Foederatio Presepistica\" \/>\n<meta property=\"og:description\" content=\"Hoy 31 de octubre de 2022 es un d\u00eda muy importante para nosotros los miembros de Un.Foe.Prae y para todos los amantes del pesebre. Nuestro Presidente Albert Catal\u00e0 tuvo una audiencia con el Papa Francisco como inicio oficial del 800 aniversario de la primera natividad en Greccio. Al Papa le hemos entregado el diploma y [&hellip;]\" \/>\n<meta property=\"og:url\" content=\"https:\/\/www.unfoeprae.org\/es\/consegna-del-diploma-e-delle-medaglie-a-papa-francesco\/\" \/>\n<meta property=\"og:site_name\" content=\"Universalis Foederatio Presepistica\" \/>\n<meta property=\"article:published_time\" content=\"2023-09-14T14:07:59+00:00\" \/>\n<meta property=\"article:modified_time\" content=\"2023-10-26T14:38:27+00:00\" \/>\n<meta property=\"og:image\" content=\"https:\/\/www.unfoeprae.org\/wp-content\/uploads\/2023\/09\/72952_n.jpg\" \/>\n<meta name=\"author\" content=\"Pilot@DMN.Unf\" \/>\n<meta name=\"twitter:card\" content=\"summary_large_image\" \/>\n<meta name=\"twitter:label1\" content=\"Escrito por\" \/>\n\t<meta name=\"twitter:data1\" content=\"Pilot@DMN.Unf\" \/>\n\t<meta name=\"twitter:label2\" content=\"Tiempo de lectura\" \/>\n\t<meta name=\"twitter:data2\" content=\"1 minuto\" \/>\n<script type=\"application\/ld+json\" class=\"yoast-schema-graph\">{\"@context\":\"https:\/\/schema.org\",\"@graph\":[{\"@type\":\"Article\",\"@id\":\"https:\/\/www.unfoeprae.org\/es\/consegna-del-diploma-e-delle-medaglie-a-papa-francesco\/#article\",\"isPartOf\":{\"@id\":\"https:\/\/www.unfoeprae.org\/es\/consegna-del-diploma-e-delle-medaglie-a-papa-francesco\/\"},\"author\":{\"name\":\"Pilot@DMN.Unf\",\"@id\":\"https:\/\/www.unfoeprae.org\/es\/#\/schema\/person\/043e3e2f5b10d2208f6154f667661c5c\"},\"headline\":\"#FROMTHEPAST: Entrega de diploma y medallas al Papa Francisco\",\"datePublished\":\"2023-09-14T14:07:59+00:00\",\"dateModified\":\"2023-10-26T14:38:27+00:00\",\"mainEntityOfPage\":{\"@id\":\"https:\/\/www.unfoeprae.org\/es\/consegna-del-diploma-e-delle-medaglie-a-papa-francesco\/\"},\"wordCount\":94,\"image\":{\"@id\":\"https:\/\/www.unfoeprae.org\/es\/consegna-del-diploma-e-delle-medaglie-a-papa-francesco\/#primaryimage\"},\"thumbnailUrl\":\"https:\/\/www.unfoeprae.org\/wp-content\/uploads\/2023\/09\/72952_n.jpg\",\"articleSection\":[\"Informaci\u00f3n y noticias\"],\"inLanguage\":\"es\"},{\"@type\":\"WebPage\",\"@id\":\"https:\/\/www.unfoeprae.org\/es\/consegna-del-diploma-e-delle-medaglie-a-papa-francesco\/\",\"url\":\"https:\/\/www.unfoeprae.org\/es\/consegna-del-diploma-e-delle-medaglie-a-papa-francesco\/\",\"name\":\"#FROMTHEPAST: Entrega de diploma y medallas al Papa Francisco - Universalis Foederatio Presepistica\",\"isPartOf\":{\"@id\":\"https:\/\/www.unfoeprae.org\/es\/#website\"},\"primaryImageOfPage\":{\"@id\":\"https:\/\/www.unfoeprae.org\/es\/consegna-del-diploma-e-delle-medaglie-a-papa-francesco\/#primaryimage\"},\"image\":{\"@id\":\"https:\/\/www.unfoeprae.org\/es\/consegna-del-diploma-e-delle-medaglie-a-papa-francesco\/#primaryimage\"},\"thumbnailUrl\":\"https:\/\/www.unfoeprae.org\/wp-content\/uploads\/2023\/09\/72952_n.jpg\",\"datePublished\":\"2023-09-14T14:07:59+00:00\",\"dateModified\":\"2023-10-26T14:38:27+00:00\",\"author\":{\"@id\":\"https:\/\/www.unfoeprae.org\/es\/#\/schema\/person\/043e3e2f5b10d2208f6154f667661c5c\"},\"breadcrumb\":{\"@id\":\"https:\/\/www.unfoeprae.org\/es\/consegna-del-diploma-e-delle-medaglie-a-papa-francesco\/#breadcrumb\"},\"inLanguage\":\"es\",\"potentialAction\":[{\"@type\":\"ReadAction\",\"target\":[\"https:\/\/www.unfoeprae.org\/es\/consegna-del-diploma-e-delle-medaglie-a-papa-francesco\/\"]}]},{\"@type\":\"ImageObject\",\"inLanguage\":\"es\",\"@id\":\"https:\/\/www.unfoeprae.org\/es\/consegna-del-diploma-e-delle-medaglie-a-papa-francesco\/#primaryimage\",\"url\":\"https:\/\/www.unfoeprae.org\/wp-content\/uploads\/2023\/09\/72952_n.jpg\",\"contentUrl\":\"https:\/\/www.unfoeprae.org\/wp-content\/uploads\/2023\/09\/72952_n.jpg\"},{\"@type\":\"BreadcrumbList\",\"@id\":\"https:\/\/www.unfoeprae.org\/es\/consegna-del-diploma-e-delle-medaglie-a-papa-francesco\/#breadcrumb\",\"itemListElement\":[{\"@type\":\"ListItem\",\"position\":1,\"name\":\"Home\",\"item\":\"https:\/\/www.unfoeprae.org\/es\/\"},{\"@type\":\"ListItem\",\"position\":2,\"name\":\"#FROMTHEPAST: Entrega de diploma y medallas al Papa Francisco\"}]},{\"@type\":\"WebSite\",\"@id\":\"https:\/\/www.unfoeprae.org\/es\/#website\",\"url\":\"https:\/\/www.unfoeprae.org\/es\/\",\"name\":\"Universalis Foederatio Presepistica\",\"description\":\"Preservare, coltivare, sostenere, far rivivere e promuovere la diversit\u00e0 culturale e artistica della tradizione di Presepi nei vari paesi del mondo.\",\"potentialAction\":[{\"@type\":\"SearchAction\",\"target\":{\"@type\":\"EntryPoint\",\"urlTemplate\":\"https:\/\/www.unfoeprae.org\/es\/?s={search_term_string}\"},\"query-input\":{\"@type\":\"PropertyValueSpecification\",\"valueRequired\":true,\"valueName\":\"search_term_string\"}}],\"inLanguage\":\"es\"},{\"@type\":\"Person\",\"@id\":\"https:\/\/www.unfoeprae.org\/es\/#\/schema\/person\/043e3e2f5b10d2208f6154f667661c5c\",\"name\":\"Pilot@DMN.Unf\",\"image\":{\"@type\":\"ImageObject\",\"inLanguage\":\"es\",\"@id\":\"https:\/\/secure.gravatar.com\/avatar\/10033fabe3c01c1e6d3767d9cf6cedec5c8a21c4f7a96a5c1a7bcd40c5e396e3?s=96&d=mm&r=g\",\"url\":\"https:\/\/secure.gravatar.com\/avatar\/10033fabe3c01c1e6d3767d9cf6cedec5c8a21c4f7a96a5c1a7bcd40c5e396e3?s=96&d=mm&r=g\",\"contentUrl\":\"https:\/\/secure.gravatar.com\/avatar\/10033fabe3c01c1e6d3767d9cf6cedec5c8a21c4f7a96a5c1a7bcd40c5e396e3?s=96&d=mm&r=g\",\"caption\":\"Pilot@DMN.Unf\"},\"sameAs\":[\"https:\/\/www.unfoeprae.org\"],\"url\":\"https:\/\/www.unfoeprae.org\/es\/author\/pilotdmn-unf\/\"}]}<\/script>\n<!-- \/ Yoast SEO plugin. -->","yoast_head_json":{"title":"#FROMTHEPAST: Entrega de diploma y medallas al Papa Francisco - Universalis Foederatio Presepistica","robots":{"index":"index","follow":"follow","max-snippet":"max-snippet:-1","max-image-preview":"max-image-preview:large","max-video-preview":"max-video-preview:-1"},"canonical":"https:\/\/www.unfoeprae.org\/es\/consegna-del-diploma-e-delle-medaglie-a-papa-francesco\/","og_locale":"es_ES","og_type":"article","og_title":"#FROMTHEPAST: Entrega de diploma y medallas al Papa Francisco - Universalis Foederatio Presepistica","og_description":"Hoy 31 de octubre de 2022 es un d\u00eda muy importante para nosotros los miembros de Un.Foe.Prae y para todos los amantes del pesebre. Nuestro Presidente Albert Catal\u00e0 tuvo una audiencia con el Papa Francisco como inicio oficial del 800 aniversario de la primera natividad en Greccio. Al Papa le hemos entregado el diploma y [&hellip;]","og_url":"https:\/\/www.unfoeprae.org\/es\/consegna-del-diploma-e-delle-medaglie-a-papa-francesco\/","og_site_name":"Universalis Foederatio Presepistica","article_published_time":"2023-09-14T14:07:59+00:00","article_modified_time":"2023-10-26T14:38:27+00:00","og_image":[{"url":"https:\/\/www.unfoeprae.org\/wp-content\/uploads\/2023\/09\/72952_n.jpg","type":"","width":"","height":""}],"author":"Pilot@DMN.Unf","twitter_card":"summary_large_image","twitter_misc":{"Escrito por":"Pilot@DMN.Unf","Tiempo de lectura":"1 minuto"},"schema":{"@context":"https:\/\/schema.org","@graph":[{"@type":"Article","@id":"https:\/\/www.unfoeprae.org\/es\/consegna-del-diploma-e-delle-medaglie-a-papa-francesco\/#article","isPartOf":{"@id":"https:\/\/www.unfoeprae.org\/es\/consegna-del-diploma-e-delle-medaglie-a-papa-francesco\/"},"author":{"name":"Pilot@DMN.Unf","@id":"https:\/\/www.unfoeprae.org\/es\/#\/schema\/person\/043e3e2f5b10d2208f6154f667661c5c"},"headline":"#FROMTHEPAST: Entrega de diploma y medallas al Papa Francisco","datePublished":"2023-09-14T14:07:59+00:00","dateModified":"2023-10-26T14:38:27+00:00","mainEntityOfPage":{"@id":"https:\/\/www.unfoeprae.org\/es\/consegna-del-diploma-e-delle-medaglie-a-papa-francesco\/"},"wordCount":94,"image":{"@id":"https:\/\/www.unfoeprae.org\/es\/consegna-del-diploma-e-delle-medaglie-a-papa-francesco\/#primaryimage"},"thumbnailUrl":"https:\/\/www.unfoeprae.org\/wp-content\/uploads\/2023\/09\/72952_n.jpg","articleSection":["Informaci\u00f3n y noticias"],"inLanguage":"es"},{"@type":"WebPage","@id":"https:\/\/www.unfoeprae.org\/es\/consegna-del-diploma-e-delle-medaglie-a-papa-francesco\/","url":"https:\/\/www.unfoeprae.org\/es\/consegna-del-diploma-e-delle-medaglie-a-papa-francesco\/","name":"#FROMTHEPAST: Entrega de diploma y medallas al Papa Francisco - Universalis Foederatio Presepistica","isPartOf":{"@id":"https:\/\/www.unfoeprae.org\/es\/#website"},"primaryImageOfPage":{"@id":"https:\/\/www.unfoeprae.org\/es\/consegna-del-diploma-e-delle-medaglie-a-papa-francesco\/#primaryimage"},"image":{"@id":"https:\/\/www.unfoeprae.org\/es\/consegna-del-diploma-e-delle-medaglie-a-papa-francesco\/#primaryimage"},"thumbnailUrl":"https:\/\/www.unfoeprae.org\/wp-content\/uploads\/2023\/09\/72952_n.jpg","datePublished":"2023-09-14T14:07:59+00:00","dateModified":"2023-10-26T14:38:27+00:00","author":{"@id":"https:\/\/www.unfoeprae.org\/es\/#\/schema\/person\/043e3e2f5b10d2208f6154f667661c5c"},"breadcrumb":{"@id":"https:\/\/www.unfoeprae.org\/es\/consegna-del-diploma-e-delle-medaglie-a-papa-francesco\/#breadcrumb"},"inLanguage":"es","potentialAction":[{"@type":"ReadAction","target":["https:\/\/www.unfoeprae.org\/es\/consegna-del-diploma-e-delle-medaglie-a-papa-francesco\/"]}]},{"@type":"ImageObject","inLanguage":"es","@id":"https:\/\/www.unfoeprae.org\/es\/consegna-del-diploma-e-delle-medaglie-a-papa-francesco\/#primaryimage","url":"https:\/\/www.unfoeprae.org\/wp-content\/uploads\/2023\/09\/72952_n.jpg","contentUrl":"https:\/\/www.unfoeprae.org\/wp-content\/uploads\/2023\/09\/72952_n.jpg"},{"@type":"BreadcrumbList","@id":"https:\/\/www.unfoeprae.org\/es\/consegna-del-diploma-e-delle-medaglie-a-papa-francesco\/#breadcrumb","itemListElement":[{"@type":"ListItem","position":1,"name":"Home","item":"https:\/\/www.unfoeprae.org\/es\/"},{"@type":"ListItem","position":2,"name":"#FROMTHEPAST: Entrega de diploma y medallas al Papa Francisco"}]},{"@type":"WebSite","@id":"https:\/\/www.unfoeprae.org\/es\/#website","url":"https:\/\/www.unfoeprae.org\/es\/","name":"Universalis Foederatio Presepistica","description":"Preservare, coltivare, sostenere, far rivivere e promuovere la diversit\u00e0 culturale e artistica della tradizione di Presepi nei vari paesi del mondo.","potentialAction":[{"@type":"SearchAction","target":{"@type":"EntryPoint","urlTemplate":"https:\/\/www.unfoeprae.org\/es\/?s={search_term_string}"},"query-input":{"@type":"PropertyValueSpecification","valueRequired":true,"valueName":"search_term_string"}}],"inLanguage":"es"},{"@type":"Person","@id":"https:\/\/www.unfoeprae.org\/es\/#\/schema\/person\/043e3e2f5b10d2208f6154f667661c5c","name":"Pilot@DMN.Unf","image":{"@type":"ImageObject","inLanguage":"es","@id":"https:\/\/secure.gravatar.com\/avatar\/10033fabe3c01c1e6d3767d9cf6cedec5c8a21c4f7a96a5c1a7bcd40c5e396e3?s=96&d=mm&r=g","url":"https:\/\/secure.gravatar.com\/avatar\/10033fabe3c01c1e6d3767d9cf6cedec5c8a21c4f7a96a5c1a7bcd40c5e396e3?s=96&d=mm&r=g","contentUrl":"https:\/\/secure.gravatar.com\/avatar\/10033fabe3c01c1e6d3767d9cf6cedec5c8a21c4f7a96a5c1a7bcd40c5e396e3?s=96&d=mm&r=g","caption":"Pilot@DMN.Unf"},"sameAs":["https:\/\/www.unfoeprae.org"],"url":"https:\/\/www.unfoeprae.org\/es\/author\/pilotdmn-unf\/"}]}},"_links":{"self":[{"href":"https:\/\/www.unfoeprae.org\/es\/wp-json\/wp\/v2\/posts\/1514","targetHints":{"allow":["GET"]}}],"collection":[{"href":"https:\/\/www.unfoeprae.org\/es\/wp-json\/wp\/v2\/posts"}],"about":[{"href":"https:\/\/www.unfoeprae.org\/es\/wp-json\/wp\/v2\/types\/post"}],"author":[{"embeddable":true,"href":"https:\/\/www.unfoeprae.org\/es\/wp-json\/wp\/v2\/users\/1"}],"replies":[{"embeddable":true,"href":"https:\/\/www.unfoeprae.org\/es\/wp-json\/wp\/v2\/comments?post=1514"}],"version-history":[{"count":1,"href":"https:\/\/www.unfoeprae.org\/es\/wp-json\/wp\/v2\/posts\/1514\/revisions"}],"predecessor-version":[{"id":1523,"href":"https:\/\/www.unfoeprae.org\/es\/wp-json\/wp\/v2\/posts\/1514\/revisions\/1523"}],"wp:attachment":[{"href":"https:\/\/www.unfoeprae.org\/es\/wp-json\/wp\/v2\/media?parent=1514"}],"wp:term":[{"taxonomy":"category","embeddable":true,"href":"https:\/\/www.unfoeprae.org\/es\/wp-json\/wp\/v2\/categories?post=1514"},{"taxonomy":"post_tag","embeddable":true,"href":"https:\/\/www.unfoeprae.org\/es\/wp-json\/wp\/v2\/tags?post=1514"}],"curies":[{"name":"wp","href":"https:\/\/api.w.org\/{rel}","templated":true}]}}