{"id":1512,"date":"2023-09-14T14:07:59","date_gmt":"2023-09-14T14:07:59","guid":{"rendered":"https:\/\/www.unfoeprae.org\/consegna-del-diploma-e-delle-medaglie-a-papa-francesco\/"},"modified":"2023-10-26T14:37:01","modified_gmt":"2023-10-26T14:37:01","slug":"consegna-del-diploma-e-delle-medaglie-a-papa-francesco","status":"publish","type":"post","link":"https:\/\/www.unfoeprae.org\/fr\/consegna-del-diploma-e-delle-medaglie-a-papa-francesco\/","title":{"rendered":"#FROMTHEPAST : Remise du dipl\u00f4me et des m\u00e9dailles au pape Fran\u00e7ois"},"content":{"rendered":"\n<p>Aujourd&rsquo;hui, le 31 octobre 2022, est un jour tr\u00e8s important pour nous, membres d&rsquo;Un.Foe.Prae, et pour tous les amateurs de la cr\u00e8che de No\u00ebl. Notre Pr\u00e9sident Albert Catal\u00e0 a \u00e9t\u00e9 re\u00e7u en audience par le pape Fran\u00e7ois \u00e0 l&rsquo;occasion du lancement officiel du 800e anniversaire de la premi\u00e8re nativit\u00e9 \u00e0 Greccio. <\/p>\n\n\n\n<p>Nous avons remis au pape le dipl\u00f4me et les m\u00e9dailles de notre dernier congr\u00e8s qui s&rsquo;est tenu \u00e0 Aix-la-Chapelle en janvier 2020. <\/p>\n\n\n\n<p>Cette journ\u00e9e restera certainement grav\u00e9e dans les m\u00e9moires avec beaucoup d&rsquo;enthousiasme et de plaisir pour les ann\u00e9es \u00e0 venir.<\/p>\n\n\n<div class=\"wp-block-image\">\n<figure class=\"aligncenter size-full\"><img loading=\"lazy\" decoding=\"async\" width=\"690\" height=\"518\" src=\"https:\/\/www.unfoeprae.org\/wp-content\/uploads\/2023\/09\/72952_n.jpg\" alt=\"\" class=\"wp-image-505\" srcset=\"https:\/\/www.unfoeprae.org\/wp-content\/uploads\/2023\/09\/72952_n.jpg 690w, https:\/\/www.unfoeprae.org\/wp-content\/uploads\/2023\/09\/72952_n-300x225.jpg 300w\" sizes=\"auto, (max-width: 690px) 100vw, 690px\" \/><\/figure>\n<\/div>\n\n\n<figure class=\"wp-block-gallery has-nested-images columns-default is-cropped wp-block-gallery-1 is-layout-flex wp-block-gallery-is-layout-flex\">\n<figure class=\"wp-block-image size-large\"><img loading=\"lazy\" decoding=\"async\" width=\"340\" height=\"255\" data-id=\"510\" src=\"https:\/\/www.unfoeprae.org\/wp-content\/uploads\/2023\/09\/50631_n.jpg\" alt=\"\" class=\"wp-image-510\" srcset=\"https:\/\/www.unfoeprae.org\/wp-content\/uploads\/2023\/09\/50631_n.jpg 340w, https:\/\/www.unfoeprae.org\/wp-content\/uploads\/2023\/09\/50631_n-300x225.jpg 300w\" sizes=\"auto, (max-width: 340px) 100vw, 340px\" \/><\/figure>\n\n\n\n<figure class=\"wp-block-image size-large\"><img loading=\"lazy\" decoding=\"async\" width=\"340\" height=\"255\" data-id=\"515\" src=\"https:\/\/www.unfoeprae.org\/wp-content\/uploads\/2023\/09\/8288_na.jpg\" alt=\"\" class=\"wp-image-515\" srcset=\"https:\/\/www.unfoeprae.org\/wp-content\/uploads\/2023\/09\/8288_na.jpg 340w, https:\/\/www.unfoeprae.org\/wp-content\/uploads\/2023\/09\/8288_na-300x225.jpg 300w\" sizes=\"auto, (max-width: 340px) 100vw, 340px\" \/><\/figure>\n<\/figure>\n","protected":false},"excerpt":{"rendered":"<p>Aujourd&rsquo;hui, le 31 octobre 2022, est un jour tr\u00e8s important pour nous, membres d&rsquo;Un.Foe.Prae, et pour tous les amateurs de la cr\u00e8che de No\u00ebl. Notre Pr\u00e9sident Albert Catal\u00e0 a \u00e9t\u00e9 re\u00e7u en audience par le pape Fran\u00e7ois \u00e0 l&rsquo;occasion du lancement officiel du 800e anniversaire de la premi\u00e8re nativit\u00e9 \u00e0 Greccio. Nous avons remis au [&hellip;]<\/p>\n","protected":false},"author":1,"featured_media":0,"comment_status":"closed","ping_status":"closed","sticky":false,"template":"","format":"standard","meta":{"_acf_changed":false,"footnotes":""},"categories":[36],"tags":[],"class_list":["post-1512","post","type-post","status-publish","format-standard","hentry","category-info-notizie-fr"],"acf":[],"yoast_head":"<!-- This site is optimized with the Yoast SEO plugin v27.2 - https:\/\/yoast.com\/product\/yoast-seo-wordpress\/ -->\n<title>#FROMTHEPAST : Remise du dipl\u00f4me et des m\u00e9dailles au pape Fran\u00e7ois - Universalis Foederatio Presepistica<\/title>\n<meta name=\"robots\" content=\"index, follow, max-snippet:-1, max-image-preview:large, max-video-preview:-1\" \/>\n<link rel=\"canonical\" href=\"https:\/\/www.unfoeprae.org\/fr\/consegna-del-diploma-e-delle-medaglie-a-papa-francesco\/\" \/>\n<meta property=\"og:locale\" content=\"fr_FR\" \/>\n<meta property=\"og:type\" content=\"article\" \/>\n<meta property=\"og:title\" content=\"#FROMTHEPAST : Remise du dipl\u00f4me et des m\u00e9dailles au pape Fran\u00e7ois - Universalis Foederatio Presepistica\" \/>\n<meta property=\"og:description\" content=\"Aujourd&rsquo;hui, le 31 octobre 2022, est un jour tr\u00e8s important pour nous, membres d&rsquo;Un.Foe.Prae, et pour tous les amateurs de la cr\u00e8che de No\u00ebl. Notre Pr\u00e9sident Albert Catal\u00e0 a \u00e9t\u00e9 re\u00e7u en audience par le pape Fran\u00e7ois \u00e0 l&rsquo;occasion du lancement officiel du 800e anniversaire de la premi\u00e8re nativit\u00e9 \u00e0 Greccio. Nous avons remis au [&hellip;]\" \/>\n<meta property=\"og:url\" content=\"https:\/\/www.unfoeprae.org\/fr\/consegna-del-diploma-e-delle-medaglie-a-papa-francesco\/\" \/>\n<meta property=\"og:site_name\" content=\"Universalis Foederatio Presepistica\" \/>\n<meta property=\"article:published_time\" content=\"2023-09-14T14:07:59+00:00\" \/>\n<meta property=\"article:modified_time\" content=\"2023-10-26T14:37:01+00:00\" \/>\n<meta property=\"og:image\" content=\"https:\/\/www.unfoeprae.org\/wp-content\/uploads\/2023\/09\/72952_n.jpg\" \/>\n<meta name=\"author\" content=\"Pilot@DMN.Unf\" \/>\n<meta name=\"twitter:card\" content=\"summary_large_image\" \/>\n<meta name=\"twitter:label1\" content=\"\u00c9crit par\" \/>\n\t<meta name=\"twitter:data1\" content=\"Pilot@DMN.Unf\" \/>\n\t<meta name=\"twitter:label2\" content=\"Dur\u00e9e de lecture estim\u00e9e\" \/>\n\t<meta name=\"twitter:data2\" content=\"2 minutes\" \/>\n<script type=\"application\/ld+json\" class=\"yoast-schema-graph\">{\"@context\":\"https:\/\/schema.org\",\"@graph\":[{\"@type\":\"Article\",\"@id\":\"https:\/\/www.unfoeprae.org\/fr\/consegna-del-diploma-e-delle-medaglie-a-papa-francesco\/#article\",\"isPartOf\":{\"@id\":\"https:\/\/www.unfoeprae.org\/fr\/consegna-del-diploma-e-delle-medaglie-a-papa-francesco\/\"},\"author\":{\"name\":\"Pilot@DMN.Unf\",\"@id\":\"https:\/\/www.unfoeprae.org\/fr\/#\/schema\/person\/043e3e2f5b10d2208f6154f667661c5c\"},\"headline\":\"#FROMTHEPAST : Remise du dipl\u00f4me et des m\u00e9dailles au pape Fran\u00e7ois\",\"datePublished\":\"2023-09-14T14:07:59+00:00\",\"dateModified\":\"2023-10-26T14:37:01+00:00\",\"mainEntityOfPage\":{\"@id\":\"https:\/\/www.unfoeprae.org\/fr\/consegna-del-diploma-e-delle-medaglie-a-papa-francesco\/\"},\"wordCount\":119,\"image\":{\"@id\":\"https:\/\/www.unfoeprae.org\/fr\/consegna-del-diploma-e-delle-medaglie-a-papa-francesco\/#primaryimage\"},\"thumbnailUrl\":\"https:\/\/www.unfoeprae.org\/wp-content\/uploads\/2023\/09\/72952_n.jpg\",\"articleSection\":[\"Infos et Nouvelles\"],\"inLanguage\":\"fr-FR\"},{\"@type\":\"WebPage\",\"@id\":\"https:\/\/www.unfoeprae.org\/fr\/consegna-del-diploma-e-delle-medaglie-a-papa-francesco\/\",\"url\":\"https:\/\/www.unfoeprae.org\/fr\/consegna-del-diploma-e-delle-medaglie-a-papa-francesco\/\",\"name\":\"#FROMTHEPAST : Remise du dipl\u00f4me et des m\u00e9dailles au pape Fran\u00e7ois - Universalis Foederatio Presepistica\",\"isPartOf\":{\"@id\":\"https:\/\/www.unfoeprae.org\/fr\/#website\"},\"primaryImageOfPage\":{\"@id\":\"https:\/\/www.unfoeprae.org\/fr\/consegna-del-diploma-e-delle-medaglie-a-papa-francesco\/#primaryimage\"},\"image\":{\"@id\":\"https:\/\/www.unfoeprae.org\/fr\/consegna-del-diploma-e-delle-medaglie-a-papa-francesco\/#primaryimage\"},\"thumbnailUrl\":\"https:\/\/www.unfoeprae.org\/wp-content\/uploads\/2023\/09\/72952_n.jpg\",\"datePublished\":\"2023-09-14T14:07:59+00:00\",\"dateModified\":\"2023-10-26T14:37:01+00:00\",\"author\":{\"@id\":\"https:\/\/www.unfoeprae.org\/fr\/#\/schema\/person\/043e3e2f5b10d2208f6154f667661c5c\"},\"breadcrumb\":{\"@id\":\"https:\/\/www.unfoeprae.org\/fr\/consegna-del-diploma-e-delle-medaglie-a-papa-francesco\/#breadcrumb\"},\"inLanguage\":\"fr-FR\",\"potentialAction\":[{\"@type\":\"ReadAction\",\"target\":[\"https:\/\/www.unfoeprae.org\/fr\/consegna-del-diploma-e-delle-medaglie-a-papa-francesco\/\"]}]},{\"@type\":\"ImageObject\",\"inLanguage\":\"fr-FR\",\"@id\":\"https:\/\/www.unfoeprae.org\/fr\/consegna-del-diploma-e-delle-medaglie-a-papa-francesco\/#primaryimage\",\"url\":\"https:\/\/www.unfoeprae.org\/wp-content\/uploads\/2023\/09\/72952_n.jpg\",\"contentUrl\":\"https:\/\/www.unfoeprae.org\/wp-content\/uploads\/2023\/09\/72952_n.jpg\"},{\"@type\":\"BreadcrumbList\",\"@id\":\"https:\/\/www.unfoeprae.org\/fr\/consegna-del-diploma-e-delle-medaglie-a-papa-francesco\/#breadcrumb\",\"itemListElement\":[{\"@type\":\"ListItem\",\"position\":1,\"name\":\"Home\",\"item\":\"https:\/\/www.unfoeprae.org\/fr\/\"},{\"@type\":\"ListItem\",\"position\":2,\"name\":\"#FROMTHEPAST : Remise du dipl\u00f4me et des m\u00e9dailles au pape Fran\u00e7ois\"}]},{\"@type\":\"WebSite\",\"@id\":\"https:\/\/www.unfoeprae.org\/fr\/#website\",\"url\":\"https:\/\/www.unfoeprae.org\/fr\/\",\"name\":\"Universalis Foederatio Presepistica\",\"description\":\"Preservare, coltivare, sostenere, far rivivere e promuovere la diversit\u00e0 culturale e artistica della tradizione di Presepi nei vari paesi del mondo.\",\"potentialAction\":[{\"@type\":\"SearchAction\",\"target\":{\"@type\":\"EntryPoint\",\"urlTemplate\":\"https:\/\/www.unfoeprae.org\/fr\/?s={search_term_string}\"},\"query-input\":{\"@type\":\"PropertyValueSpecification\",\"valueRequired\":true,\"valueName\":\"search_term_string\"}}],\"inLanguage\":\"fr-FR\"},{\"@type\":\"Person\",\"@id\":\"https:\/\/www.unfoeprae.org\/fr\/#\/schema\/person\/043e3e2f5b10d2208f6154f667661c5c\",\"name\":\"Pilot@DMN.Unf\",\"image\":{\"@type\":\"ImageObject\",\"inLanguage\":\"fr-FR\",\"@id\":\"https:\/\/secure.gravatar.com\/avatar\/10033fabe3c01c1e6d3767d9cf6cedec5c8a21c4f7a96a5c1a7bcd40c5e396e3?s=96&d=mm&r=g\",\"url\":\"https:\/\/secure.gravatar.com\/avatar\/10033fabe3c01c1e6d3767d9cf6cedec5c8a21c4f7a96a5c1a7bcd40c5e396e3?s=96&d=mm&r=g\",\"contentUrl\":\"https:\/\/secure.gravatar.com\/avatar\/10033fabe3c01c1e6d3767d9cf6cedec5c8a21c4f7a96a5c1a7bcd40c5e396e3?s=96&d=mm&r=g\",\"caption\":\"Pilot@DMN.Unf\"},\"sameAs\":[\"https:\/\/www.unfoeprae.org\"],\"url\":\"https:\/\/www.unfoeprae.org\/fr\/author\/pilotdmn-unf\/\"}]}<\/script>\n<!-- \/ Yoast SEO plugin. -->","yoast_head_json":{"title":"#FROMTHEPAST : Remise du dipl\u00f4me et des m\u00e9dailles au pape Fran\u00e7ois - Universalis Foederatio Presepistica","robots":{"index":"index","follow":"follow","max-snippet":"max-snippet:-1","max-image-preview":"max-image-preview:large","max-video-preview":"max-video-preview:-1"},"canonical":"https:\/\/www.unfoeprae.org\/fr\/consegna-del-diploma-e-delle-medaglie-a-papa-francesco\/","og_locale":"fr_FR","og_type":"article","og_title":"#FROMTHEPAST : Remise du dipl\u00f4me et des m\u00e9dailles au pape Fran\u00e7ois - Universalis Foederatio Presepistica","og_description":"Aujourd&rsquo;hui, le 31 octobre 2022, est un jour tr\u00e8s important pour nous, membres d&rsquo;Un.Foe.Prae, et pour tous les amateurs de la cr\u00e8che de No\u00ebl. Notre Pr\u00e9sident Albert Catal\u00e0 a \u00e9t\u00e9 re\u00e7u en audience par le pape Fran\u00e7ois \u00e0 l&rsquo;occasion du lancement officiel du 800e anniversaire de la premi\u00e8re nativit\u00e9 \u00e0 Greccio. Nous avons remis au [&hellip;]","og_url":"https:\/\/www.unfoeprae.org\/fr\/consegna-del-diploma-e-delle-medaglie-a-papa-francesco\/","og_site_name":"Universalis Foederatio Presepistica","article_published_time":"2023-09-14T14:07:59+00:00","article_modified_time":"2023-10-26T14:37:01+00:00","og_image":[{"url":"https:\/\/www.unfoeprae.org\/wp-content\/uploads\/2023\/09\/72952_n.jpg","type":"","width":"","height":""}],"author":"Pilot@DMN.Unf","twitter_card":"summary_large_image","twitter_misc":{"\u00c9crit par":"Pilot@DMN.Unf","Dur\u00e9e de lecture estim\u00e9e":"2 minutes"},"schema":{"@context":"https:\/\/schema.org","@graph":[{"@type":"Article","@id":"https:\/\/www.unfoeprae.org\/fr\/consegna-del-diploma-e-delle-medaglie-a-papa-francesco\/#article","isPartOf":{"@id":"https:\/\/www.unfoeprae.org\/fr\/consegna-del-diploma-e-delle-medaglie-a-papa-francesco\/"},"author":{"name":"Pilot@DMN.Unf","@id":"https:\/\/www.unfoeprae.org\/fr\/#\/schema\/person\/043e3e2f5b10d2208f6154f667661c5c"},"headline":"#FROMTHEPAST : Remise du dipl\u00f4me et des m\u00e9dailles au pape Fran\u00e7ois","datePublished":"2023-09-14T14:07:59+00:00","dateModified":"2023-10-26T14:37:01+00:00","mainEntityOfPage":{"@id":"https:\/\/www.unfoeprae.org\/fr\/consegna-del-diploma-e-delle-medaglie-a-papa-francesco\/"},"wordCount":119,"image":{"@id":"https:\/\/www.unfoeprae.org\/fr\/consegna-del-diploma-e-delle-medaglie-a-papa-francesco\/#primaryimage"},"thumbnailUrl":"https:\/\/www.unfoeprae.org\/wp-content\/uploads\/2023\/09\/72952_n.jpg","articleSection":["Infos et Nouvelles"],"inLanguage":"fr-FR"},{"@type":"WebPage","@id":"https:\/\/www.unfoeprae.org\/fr\/consegna-del-diploma-e-delle-medaglie-a-papa-francesco\/","url":"https:\/\/www.unfoeprae.org\/fr\/consegna-del-diploma-e-delle-medaglie-a-papa-francesco\/","name":"#FROMTHEPAST : Remise du dipl\u00f4me et des m\u00e9dailles au pape Fran\u00e7ois - Universalis Foederatio Presepistica","isPartOf":{"@id":"https:\/\/www.unfoeprae.org\/fr\/#website"},"primaryImageOfPage":{"@id":"https:\/\/www.unfoeprae.org\/fr\/consegna-del-diploma-e-delle-medaglie-a-papa-francesco\/#primaryimage"},"image":{"@id":"https:\/\/www.unfoeprae.org\/fr\/consegna-del-diploma-e-delle-medaglie-a-papa-francesco\/#primaryimage"},"thumbnailUrl":"https:\/\/www.unfoeprae.org\/wp-content\/uploads\/2023\/09\/72952_n.jpg","datePublished":"2023-09-14T14:07:59+00:00","dateModified":"2023-10-26T14:37:01+00:00","author":{"@id":"https:\/\/www.unfoeprae.org\/fr\/#\/schema\/person\/043e3e2f5b10d2208f6154f667661c5c"},"breadcrumb":{"@id":"https:\/\/www.unfoeprae.org\/fr\/consegna-del-diploma-e-delle-medaglie-a-papa-francesco\/#breadcrumb"},"inLanguage":"fr-FR","potentialAction":[{"@type":"ReadAction","target":["https:\/\/www.unfoeprae.org\/fr\/consegna-del-diploma-e-delle-medaglie-a-papa-francesco\/"]}]},{"@type":"ImageObject","inLanguage":"fr-FR","@id":"https:\/\/www.unfoeprae.org\/fr\/consegna-del-diploma-e-delle-medaglie-a-papa-francesco\/#primaryimage","url":"https:\/\/www.unfoeprae.org\/wp-content\/uploads\/2023\/09\/72952_n.jpg","contentUrl":"https:\/\/www.unfoeprae.org\/wp-content\/uploads\/2023\/09\/72952_n.jpg"},{"@type":"BreadcrumbList","@id":"https:\/\/www.unfoeprae.org\/fr\/consegna-del-diploma-e-delle-medaglie-a-papa-francesco\/#breadcrumb","itemListElement":[{"@type":"ListItem","position":1,"name":"Home","item":"https:\/\/www.unfoeprae.org\/fr\/"},{"@type":"ListItem","position":2,"name":"#FROMTHEPAST : Remise du dipl\u00f4me et des m\u00e9dailles au pape Fran\u00e7ois"}]},{"@type":"WebSite","@id":"https:\/\/www.unfoeprae.org\/fr\/#website","url":"https:\/\/www.unfoeprae.org\/fr\/","name":"Universalis Foederatio Presepistica","description":"Preservare, coltivare, sostenere, far rivivere e promuovere la diversit\u00e0 culturale e artistica della tradizione di Presepi nei vari paesi del mondo.","potentialAction":[{"@type":"SearchAction","target":{"@type":"EntryPoint","urlTemplate":"https:\/\/www.unfoeprae.org\/fr\/?s={search_term_string}"},"query-input":{"@type":"PropertyValueSpecification","valueRequired":true,"valueName":"search_term_string"}}],"inLanguage":"fr-FR"},{"@type":"Person","@id":"https:\/\/www.unfoeprae.org\/fr\/#\/schema\/person\/043e3e2f5b10d2208f6154f667661c5c","name":"Pilot@DMN.Unf","image":{"@type":"ImageObject","inLanguage":"fr-FR","@id":"https:\/\/secure.gravatar.com\/avatar\/10033fabe3c01c1e6d3767d9cf6cedec5c8a21c4f7a96a5c1a7bcd40c5e396e3?s=96&d=mm&r=g","url":"https:\/\/secure.gravatar.com\/avatar\/10033fabe3c01c1e6d3767d9cf6cedec5c8a21c4f7a96a5c1a7bcd40c5e396e3?s=96&d=mm&r=g","contentUrl":"https:\/\/secure.gravatar.com\/avatar\/10033fabe3c01c1e6d3767d9cf6cedec5c8a21c4f7a96a5c1a7bcd40c5e396e3?s=96&d=mm&r=g","caption":"Pilot@DMN.Unf"},"sameAs":["https:\/\/www.unfoeprae.org"],"url":"https:\/\/www.unfoeprae.org\/fr\/author\/pilotdmn-unf\/"}]}},"_links":{"self":[{"href":"https:\/\/www.unfoeprae.org\/fr\/wp-json\/wp\/v2\/posts\/1512","targetHints":{"allow":["GET"]}}],"collection":[{"href":"https:\/\/www.unfoeprae.org\/fr\/wp-json\/wp\/v2\/posts"}],"about":[{"href":"https:\/\/www.unfoeprae.org\/fr\/wp-json\/wp\/v2\/types\/post"}],"author":[{"embeddable":true,"href":"https:\/\/www.unfoeprae.org\/fr\/wp-json\/wp\/v2\/users\/1"}],"replies":[{"embeddable":true,"href":"https:\/\/www.unfoeprae.org\/fr\/wp-json\/wp\/v2\/comments?post=1512"}],"version-history":[{"count":1,"href":"https:\/\/www.unfoeprae.org\/fr\/wp-json\/wp\/v2\/posts\/1512\/revisions"}],"predecessor-version":[{"id":1519,"href":"https:\/\/www.unfoeprae.org\/fr\/wp-json\/wp\/v2\/posts\/1512\/revisions\/1519"}],"wp:attachment":[{"href":"https:\/\/www.unfoeprae.org\/fr\/wp-json\/wp\/v2\/media?parent=1512"}],"wp:term":[{"taxonomy":"category","embeddable":true,"href":"https:\/\/www.unfoeprae.org\/fr\/wp-json\/wp\/v2\/categories?post=1512"},{"taxonomy":"post_tag","embeddable":true,"href":"https:\/\/www.unfoeprae.org\/fr\/wp-json\/wp\/v2\/tags?post=1512"}],"curies":[{"name":"wp","href":"https:\/\/api.w.org\/{rel}","templated":true}]}}