{"id":1515,"date":"2023-10-09T08:56:18","date_gmt":"2023-10-09T08:56:18","guid":{"rendered":"https:\/\/www.unfoeprae.org\/fromthepast-70-anniversario-fondazione-un-foe-prae\/"},"modified":"2023-10-26T14:37:31","modified_gmt":"2023-10-26T14:37:31","slug":"fromthepast-70-anniversario-fondazione-un-foe-prae","status":"publish","type":"post","link":"https:\/\/www.unfoeprae.org\/fr\/fromthepast-70-anniversario-fondazione-un-foe-prae\/","title":{"rendered":"#FROMTHEPAST : 70E ANNIVERSAIRE DE LA FONDATION UN.FOE.PRAE"},"content":{"rendered":"\n<p>Afin de c\u00e9l\u00e9brer le 70e anniversaire de sa fondation, l&rsquo;Universalis Foederatio Praesepistica organise au niveau plan\u00e9taire une rencontre en ligne autour de la cr\u00e8che de No\u00ebl !<\/p>\n\n\n\n<p>Le pr\u00e9sident de l&rsquo;Un.Foe.Prae. et les responsables des diff\u00e9rentes Associations qui font partie de notre F\u00e9d\u00e9ration se r\u00e9uniront pour raconter et conna\u00eetre l&rsquo;histoire et les traditions de la cr\u00e8che de No\u00ebl de leurs pays respectifs. Ce sera un moment de joie, de partage et de rapprochement avec les Amis de la Cr\u00e8che de No\u00ebl du monde entier.<\/p>\n\n\n\n<p>Un \u00e9v\u00e9nement exceptionnel jamais organis\u00e9 de la sorte auparavant. Des interpr\u00e8tes seront pr\u00e9sents pour les diff\u00e9rentes langues : italien, allemand, anglais et espagnol.<\/p>\n\n\n\n<p>Source: <a href=\"https:\/\/www.presepio.it\/70-anni-di-un-foe-prae\/\"><u>Presepio.it<\/u><\/a><\/p>\n","protected":false},"excerpt":{"rendered":"<p>Afin de c\u00e9l\u00e9brer le 70e anniversaire de sa fondation, l&rsquo;Universalis Foederatio Praesepistica organise au niveau plan\u00e9taire une rencontre en ligne autour de la cr\u00e8che de No\u00ebl ! Le pr\u00e9sident de l&rsquo;Un.Foe.Prae. et les responsables des diff\u00e9rentes Associations qui font partie de notre F\u00e9d\u00e9ration se r\u00e9uniront pour raconter et conna\u00eetre l&rsquo;histoire et les traditions de la [&hellip;]<\/p>\n","protected":false},"author":1,"featured_media":0,"comment_status":"closed","ping_status":"closed","sticky":false,"template":"","format":"standard","meta":{"_acf_changed":false,"footnotes":""},"categories":[36],"tags":[],"class_list":["post-1515","post","type-post","status-publish","format-standard","hentry","category-info-notizie-fr"],"acf":[],"yoast_head":"<!-- This site is optimized with the Yoast SEO plugin v27.2 - https:\/\/yoast.com\/product\/yoast-seo-wordpress\/ -->\n<title>#FROMTHEPAST : 70E ANNIVERSAIRE DE LA FONDATION UN.FOE.PRAE - Universalis Foederatio Presepistica<\/title>\n<meta name=\"robots\" content=\"index, follow, max-snippet:-1, max-image-preview:large, max-video-preview:-1\" \/>\n<link rel=\"canonical\" href=\"https:\/\/www.unfoeprae.org\/fr\/fromthepast-70-anniversario-fondazione-un-foe-prae\/\" \/>\n<meta property=\"og:locale\" content=\"fr_FR\" \/>\n<meta property=\"og:type\" content=\"article\" \/>\n<meta property=\"og:title\" content=\"#FROMTHEPAST : 70E ANNIVERSAIRE DE LA FONDATION UN.FOE.PRAE - Universalis Foederatio Presepistica\" \/>\n<meta property=\"og:description\" content=\"Afin de c\u00e9l\u00e9brer le 70e anniversaire de sa fondation, l&rsquo;Universalis Foederatio Praesepistica organise au niveau plan\u00e9taire une rencontre en ligne autour de la cr\u00e8che de No\u00ebl ! Le pr\u00e9sident de l&rsquo;Un.Foe.Prae. et les responsables des diff\u00e9rentes Associations qui font partie de notre F\u00e9d\u00e9ration se r\u00e9uniront pour raconter et conna\u00eetre l&rsquo;histoire et les traditions de la [&hellip;]\" \/>\n<meta property=\"og:url\" content=\"https:\/\/www.unfoeprae.org\/fr\/fromthepast-70-anniversario-fondazione-un-foe-prae\/\" \/>\n<meta property=\"og:site_name\" content=\"Universalis Foederatio Presepistica\" \/>\n<meta property=\"article:published_time\" content=\"2023-10-09T08:56:18+00:00\" \/>\n<meta property=\"article:modified_time\" content=\"2023-10-26T14:37:31+00:00\" \/>\n<meta name=\"author\" content=\"Pilot@DMN.Unf\" \/>\n<meta name=\"twitter:card\" content=\"summary_large_image\" \/>\n<meta name=\"twitter:label1\" content=\"\u00c9crit par\" \/>\n\t<meta name=\"twitter:data1\" content=\"Pilot@DMN.Unf\" \/>\n\t<meta name=\"twitter:label2\" content=\"Dur\u00e9e de lecture estim\u00e9e\" \/>\n\t<meta name=\"twitter:data2\" content=\"1 minute\" \/>\n<script type=\"application\/ld+json\" class=\"yoast-schema-graph\">{\"@context\":\"https:\/\/schema.org\",\"@graph\":[{\"@type\":\"Article\",\"@id\":\"https:\/\/www.unfoeprae.org\/fr\/fromthepast-70-anniversario-fondazione-un-foe-prae\/#article\",\"isPartOf\":{\"@id\":\"https:\/\/www.unfoeprae.org\/fr\/fromthepast-70-anniversario-fondazione-un-foe-prae\/\"},\"author\":{\"name\":\"Pilot@DMN.Unf\",\"@id\":\"https:\/\/www.unfoeprae.org\/fr\/#\/schema\/person\/043e3e2f5b10d2208f6154f667661c5c\"},\"headline\":\"#FROMTHEPAST : 70E ANNIVERSAIRE DE LA FONDATION UN.FOE.PRAE\",\"datePublished\":\"2023-10-09T08:56:18+00:00\",\"dateModified\":\"2023-10-26T14:37:31+00:00\",\"mainEntityOfPage\":{\"@id\":\"https:\/\/www.unfoeprae.org\/fr\/fromthepast-70-anniversario-fondazione-un-foe-prae\/\"},\"wordCount\":141,\"articleSection\":[\"Infos et Nouvelles\"],\"inLanguage\":\"fr-FR\"},{\"@type\":\"WebPage\",\"@id\":\"https:\/\/www.unfoeprae.org\/fr\/fromthepast-70-anniversario-fondazione-un-foe-prae\/\",\"url\":\"https:\/\/www.unfoeprae.org\/fr\/fromthepast-70-anniversario-fondazione-un-foe-prae\/\",\"name\":\"#FROMTHEPAST : 70E ANNIVERSAIRE DE LA FONDATION UN.FOE.PRAE - Universalis Foederatio Presepistica\",\"isPartOf\":{\"@id\":\"https:\/\/www.unfoeprae.org\/fr\/#website\"},\"datePublished\":\"2023-10-09T08:56:18+00:00\",\"dateModified\":\"2023-10-26T14:37:31+00:00\",\"author\":{\"@id\":\"https:\/\/www.unfoeprae.org\/fr\/#\/schema\/person\/043e3e2f5b10d2208f6154f667661c5c\"},\"breadcrumb\":{\"@id\":\"https:\/\/www.unfoeprae.org\/fr\/fromthepast-70-anniversario-fondazione-un-foe-prae\/#breadcrumb\"},\"inLanguage\":\"fr-FR\",\"potentialAction\":[{\"@type\":\"ReadAction\",\"target\":[\"https:\/\/www.unfoeprae.org\/fr\/fromthepast-70-anniversario-fondazione-un-foe-prae\/\"]}]},{\"@type\":\"BreadcrumbList\",\"@id\":\"https:\/\/www.unfoeprae.org\/fr\/fromthepast-70-anniversario-fondazione-un-foe-prae\/#breadcrumb\",\"itemListElement\":[{\"@type\":\"ListItem\",\"position\":1,\"name\":\"Home\",\"item\":\"https:\/\/www.unfoeprae.org\/fr\/\"},{\"@type\":\"ListItem\",\"position\":2,\"name\":\"#FROMTHEPAST : 70E ANNIVERSAIRE DE LA FONDATION UN.FOE.PRAE\"}]},{\"@type\":\"WebSite\",\"@id\":\"https:\/\/www.unfoeprae.org\/fr\/#website\",\"url\":\"https:\/\/www.unfoeprae.org\/fr\/\",\"name\":\"Universalis Foederatio Presepistica\",\"description\":\"Preservare, coltivare, sostenere, far rivivere e promuovere la diversit\u00e0 culturale e artistica della tradizione di Presepi nei vari paesi del mondo.\",\"potentialAction\":[{\"@type\":\"SearchAction\",\"target\":{\"@type\":\"EntryPoint\",\"urlTemplate\":\"https:\/\/www.unfoeprae.org\/fr\/?s={search_term_string}\"},\"query-input\":{\"@type\":\"PropertyValueSpecification\",\"valueRequired\":true,\"valueName\":\"search_term_string\"}}],\"inLanguage\":\"fr-FR\"},{\"@type\":\"Person\",\"@id\":\"https:\/\/www.unfoeprae.org\/fr\/#\/schema\/person\/043e3e2f5b10d2208f6154f667661c5c\",\"name\":\"Pilot@DMN.Unf\",\"image\":{\"@type\":\"ImageObject\",\"inLanguage\":\"fr-FR\",\"@id\":\"https:\/\/secure.gravatar.com\/avatar\/10033fabe3c01c1e6d3767d9cf6cedec5c8a21c4f7a96a5c1a7bcd40c5e396e3?s=96&d=mm&r=g\",\"url\":\"https:\/\/secure.gravatar.com\/avatar\/10033fabe3c01c1e6d3767d9cf6cedec5c8a21c4f7a96a5c1a7bcd40c5e396e3?s=96&d=mm&r=g\",\"contentUrl\":\"https:\/\/secure.gravatar.com\/avatar\/10033fabe3c01c1e6d3767d9cf6cedec5c8a21c4f7a96a5c1a7bcd40c5e396e3?s=96&d=mm&r=g\",\"caption\":\"Pilot@DMN.Unf\"},\"sameAs\":[\"https:\/\/www.unfoeprae.org\"],\"url\":\"https:\/\/www.unfoeprae.org\/fr\/author\/pilotdmn-unf\/\"}]}<\/script>\n<!-- \/ Yoast SEO plugin. -->","yoast_head_json":{"title":"#FROMTHEPAST : 70E ANNIVERSAIRE DE LA FONDATION UN.FOE.PRAE - Universalis Foederatio Presepistica","robots":{"index":"index","follow":"follow","max-snippet":"max-snippet:-1","max-image-preview":"max-image-preview:large","max-video-preview":"max-video-preview:-1"},"canonical":"https:\/\/www.unfoeprae.org\/fr\/fromthepast-70-anniversario-fondazione-un-foe-prae\/","og_locale":"fr_FR","og_type":"article","og_title":"#FROMTHEPAST : 70E ANNIVERSAIRE DE LA FONDATION UN.FOE.PRAE - Universalis Foederatio Presepistica","og_description":"Afin de c\u00e9l\u00e9brer le 70e anniversaire de sa fondation, l&rsquo;Universalis Foederatio Praesepistica organise au niveau plan\u00e9taire une rencontre en ligne autour de la cr\u00e8che de No\u00ebl ! Le pr\u00e9sident de l&rsquo;Un.Foe.Prae. et les responsables des diff\u00e9rentes Associations qui font partie de notre F\u00e9d\u00e9ration se r\u00e9uniront pour raconter et conna\u00eetre l&rsquo;histoire et les traditions de la [&hellip;]","og_url":"https:\/\/www.unfoeprae.org\/fr\/fromthepast-70-anniversario-fondazione-un-foe-prae\/","og_site_name":"Universalis Foederatio Presepistica","article_published_time":"2023-10-09T08:56:18+00:00","article_modified_time":"2023-10-26T14:37:31+00:00","author":"Pilot@DMN.Unf","twitter_card":"summary_large_image","twitter_misc":{"\u00c9crit par":"Pilot@DMN.Unf","Dur\u00e9e de lecture estim\u00e9e":"1 minute"},"schema":{"@context":"https:\/\/schema.org","@graph":[{"@type":"Article","@id":"https:\/\/www.unfoeprae.org\/fr\/fromthepast-70-anniversario-fondazione-un-foe-prae\/#article","isPartOf":{"@id":"https:\/\/www.unfoeprae.org\/fr\/fromthepast-70-anniversario-fondazione-un-foe-prae\/"},"author":{"name":"Pilot@DMN.Unf","@id":"https:\/\/www.unfoeprae.org\/fr\/#\/schema\/person\/043e3e2f5b10d2208f6154f667661c5c"},"headline":"#FROMTHEPAST : 70E ANNIVERSAIRE DE LA FONDATION UN.FOE.PRAE","datePublished":"2023-10-09T08:56:18+00:00","dateModified":"2023-10-26T14:37:31+00:00","mainEntityOfPage":{"@id":"https:\/\/www.unfoeprae.org\/fr\/fromthepast-70-anniversario-fondazione-un-foe-prae\/"},"wordCount":141,"articleSection":["Infos et Nouvelles"],"inLanguage":"fr-FR"},{"@type":"WebPage","@id":"https:\/\/www.unfoeprae.org\/fr\/fromthepast-70-anniversario-fondazione-un-foe-prae\/","url":"https:\/\/www.unfoeprae.org\/fr\/fromthepast-70-anniversario-fondazione-un-foe-prae\/","name":"#FROMTHEPAST : 70E ANNIVERSAIRE DE LA FONDATION UN.FOE.PRAE - Universalis Foederatio Presepistica","isPartOf":{"@id":"https:\/\/www.unfoeprae.org\/fr\/#website"},"datePublished":"2023-10-09T08:56:18+00:00","dateModified":"2023-10-26T14:37:31+00:00","author":{"@id":"https:\/\/www.unfoeprae.org\/fr\/#\/schema\/person\/043e3e2f5b10d2208f6154f667661c5c"},"breadcrumb":{"@id":"https:\/\/www.unfoeprae.org\/fr\/fromthepast-70-anniversario-fondazione-un-foe-prae\/#breadcrumb"},"inLanguage":"fr-FR","potentialAction":[{"@type":"ReadAction","target":["https:\/\/www.unfoeprae.org\/fr\/fromthepast-70-anniversario-fondazione-un-foe-prae\/"]}]},{"@type":"BreadcrumbList","@id":"https:\/\/www.unfoeprae.org\/fr\/fromthepast-70-anniversario-fondazione-un-foe-prae\/#breadcrumb","itemListElement":[{"@type":"ListItem","position":1,"name":"Home","item":"https:\/\/www.unfoeprae.org\/fr\/"},{"@type":"ListItem","position":2,"name":"#FROMTHEPAST : 70E ANNIVERSAIRE DE LA FONDATION UN.FOE.PRAE"}]},{"@type":"WebSite","@id":"https:\/\/www.unfoeprae.org\/fr\/#website","url":"https:\/\/www.unfoeprae.org\/fr\/","name":"Universalis Foederatio Presepistica","description":"Preservare, coltivare, sostenere, far rivivere e promuovere la diversit\u00e0 culturale e artistica della tradizione di Presepi nei vari paesi del mondo.","potentialAction":[{"@type":"SearchAction","target":{"@type":"EntryPoint","urlTemplate":"https:\/\/www.unfoeprae.org\/fr\/?s={search_term_string}"},"query-input":{"@type":"PropertyValueSpecification","valueRequired":true,"valueName":"search_term_string"}}],"inLanguage":"fr-FR"},{"@type":"Person","@id":"https:\/\/www.unfoeprae.org\/fr\/#\/schema\/person\/043e3e2f5b10d2208f6154f667661c5c","name":"Pilot@DMN.Unf","image":{"@type":"ImageObject","inLanguage":"fr-FR","@id":"https:\/\/secure.gravatar.com\/avatar\/10033fabe3c01c1e6d3767d9cf6cedec5c8a21c4f7a96a5c1a7bcd40c5e396e3?s=96&d=mm&r=g","url":"https:\/\/secure.gravatar.com\/avatar\/10033fabe3c01c1e6d3767d9cf6cedec5c8a21c4f7a96a5c1a7bcd40c5e396e3?s=96&d=mm&r=g","contentUrl":"https:\/\/secure.gravatar.com\/avatar\/10033fabe3c01c1e6d3767d9cf6cedec5c8a21c4f7a96a5c1a7bcd40c5e396e3?s=96&d=mm&r=g","caption":"Pilot@DMN.Unf"},"sameAs":["https:\/\/www.unfoeprae.org"],"url":"https:\/\/www.unfoeprae.org\/fr\/author\/pilotdmn-unf\/"}]}},"_links":{"self":[{"href":"https:\/\/www.unfoeprae.org\/fr\/wp-json\/wp\/v2\/posts\/1515","targetHints":{"allow":["GET"]}}],"collection":[{"href":"https:\/\/www.unfoeprae.org\/fr\/wp-json\/wp\/v2\/posts"}],"about":[{"href":"https:\/\/www.unfoeprae.org\/fr\/wp-json\/wp\/v2\/types\/post"}],"author":[{"embeddable":true,"href":"https:\/\/www.unfoeprae.org\/fr\/wp-json\/wp\/v2\/users\/1"}],"replies":[{"embeddable":true,"href":"https:\/\/www.unfoeprae.org\/fr\/wp-json\/wp\/v2\/comments?post=1515"}],"version-history":[{"count":1,"href":"https:\/\/www.unfoeprae.org\/fr\/wp-json\/wp\/v2\/posts\/1515\/revisions"}],"predecessor-version":[{"id":1521,"href":"https:\/\/www.unfoeprae.org\/fr\/wp-json\/wp\/v2\/posts\/1515\/revisions\/1521"}],"wp:attachment":[{"href":"https:\/\/www.unfoeprae.org\/fr\/wp-json\/wp\/v2\/media?parent=1515"}],"wp:term":[{"taxonomy":"category","embeddable":true,"href":"https:\/\/www.unfoeprae.org\/fr\/wp-json\/wp\/v2\/categories?post=1515"},{"taxonomy":"post_tag","embeddable":true,"href":"https:\/\/www.unfoeprae.org\/fr\/wp-json\/wp\/v2\/tags?post=1515"}],"curies":[{"name":"wp","href":"https:\/\/api.w.org\/{rel}","templated":true}]}}